{"id":713,"date":"2026-02-11T12:32:37","date_gmt":"2026-02-11T11:32:37","guid":{"rendered":"https:\/\/zo01-web01.epgpc.epgpc\/cultura\/andalucia-audiovisual\/?p=713"},"modified":"2026-02-11T15:19:23","modified_gmt":"2026-02-11T14:19:23","slug":"connecting-producers-encuentro-profesional-berlinale2026","status":"publish","type":"post","link":"https:\/\/www.juntadeandalucia.es\/aaiicc\/andalucia-audiovisual\/connecting-producers-encuentro-profesional-berlinale2026\/","title":{"rendered":"\u201cConnecting Producers\u201d en EFM: Encuentro profesional en la Berlinale 2026"},"content":{"rendered":"\n<p class=\"wp-block-paragraph\">En el marco del European Film Market (EFM) de la Berlinale 2026, las Film Commissions de Italia, Portugal y Espa\u00f1a organizan el encuentro profesional \u201cConnecting Producers\u201d, una cita dise\u00f1ada para impulsar la colaboraci\u00f3n internacional y fomentar nuevas oportunidades de coproducci\u00f3n audiovisual entre los tres territorios del sur de Europa.<br>Este evento ser\u00e1 un espacio exclusivo de networking, dirigido a personas productoras y profesionales del sector audiovisual interesadas en explorar alianzas estrat\u00e9gicas, incentivos y oportunidades de rodaje en Italia, Portugal y Espa\u00f1a.<\/p>\n\n\n\n<p class=\"wp-block-paragraph\">Web oficial de la Berlinale: <a href=\"https:\/\/www.berlinale.de\" target=\"_blank\" rel=\"noreferrer noopener\">https:\/\/www.berlinale.de<\/a><\/p>\n\n\n\n<p class=\"wp-block-paragraph\"><strong>Informaci\u00f3n del evento<\/strong><\/p>\n\n\n\n<ul class=\"wp-block-list\">\n<li>Lugar: Hotel Aldon Kempinski<\/li>\n\n\n\n<li>Sala: Room 1907<\/li>\n\n\n\n<li>Direcci\u00f3n: Unter den Linden 77, 10117 Berl\u00edn<\/li>\n\n\n\n<li>Fecha: 13 de febrero de 2026<\/li>\n\n\n\n<li>Horario: 18:00 \u2013 20:30 h<br>Organiza: Spain Film Commission<\/li>\n\n\n\n<li>Enlace a la inscripci\u00f3n: <a href=\"https:\/\/bit.ly\/3ZxJ4VR\" target=\"_blank\" rel=\"noreferrer noopener\">https:\/\/bit.ly\/3ZxJ4VR<\/a><\/li>\n<\/ul>\n\n\n\n<p class=\"wp-block-paragraph\"><strong>Una oportunidad para el sector audiovisual andaluz<\/strong><\/p>\n\n\n\n<p class=\"wp-block-paragraph\">Desde la Unidad Audiovisual de la Agencia Andaluza de Instituciones Culturales animamos a las personas productoras andaluzas presentes en Berl\u00edn a participar en este encuentro y aprovechar una oportunidad id\u00f3nea para:<\/p>\n\n\n\n<ul class=\"wp-block-list\">\n<li>Ampliar su red profesional internacional<\/li>\n\n\n\n<li>Conocer de primera mano mecanismos de colaboraci\u00f3n con Italia y Portugal<\/li>\n\n\n\n<li>Explorar incentivos y ventajas de producci\u00f3n en el sur de Europa<\/li>\n\n\n\n<li>Establecer contacto directo con Film Commissions y agentes del sector<\/li>\n<\/ul>\n\n\n\n<p class=\"wp-block-paragraph\">\u201cConnecting Producers\u201d se presenta como un punto de encuentro estrat\u00e9gico para fortalecer la presencia y competitividad del audiovisual andaluz en el mercado europeo.<\/p>\n","protected":false},"excerpt":{"rendered":"<p>En el marco del European Film Market (EFM) de la Berlinale 2026, las Film Commissions de Italia, Portugal y Espa\u00f1a organizan el encuentro profesional \u201cConnecting Producers\u201d, una cita dise\u00f1ada para impulsar la colaboraci\u00f3n internacional y fomentar nuevas oportunidades de coproducci\u00f3n audiovisual entre los tres territorios del sur de Europa.Este evento ser\u00e1 un espacio exclusivo de [&hellip;]<\/p>\n","protected":false},"author":6,"featured_media":719,"comment_status":"closed","ping_status":"","sticky":false,"template":"","format":"standard","meta":{"footnotes":""},"categories":[6,35,5],"tags":[40],"class_list":["post-713","post","type-post","status-publish","format-standard","has-post-thumbnail","hentry","category-audiovisual","category-berlinale","category-noticias","tag-coproduccion"],"_links":{"self":[{"href":"https:\/\/www.juntadeandalucia.es\/aaiicc\/andalucia-audiovisual\/wp-json\/wp\/v2\/posts\/713","targetHints":{"allow":["GET"]}}],"collection":[{"href":"https:\/\/www.juntadeandalucia.es\/aaiicc\/andalucia-audiovisual\/wp-json\/wp\/v2\/posts"}],"about":[{"href":"https:\/\/www.juntadeandalucia.es\/aaiicc\/andalucia-audiovisual\/wp-json\/wp\/v2\/types\/post"}],"author":[{"embeddable":true,"href":"https:\/\/www.juntadeandalucia.es\/aaiicc\/andalucia-audiovisual\/wp-json\/wp\/v2\/users\/6"}],"replies":[{"embeddable":true,"href":"https:\/\/www.juntadeandalucia.es\/aaiicc\/andalucia-audiovisual\/wp-json\/wp\/v2\/comments?post=713"}],"version-history":[{"count":2,"href":"https:\/\/www.juntadeandalucia.es\/aaiicc\/andalucia-audiovisual\/wp-json\/wp\/v2\/posts\/713\/revisions"}],"predecessor-version":[{"id":742,"href":"https:\/\/www.juntadeandalucia.es\/aaiicc\/andalucia-audiovisual\/wp-json\/wp\/v2\/posts\/713\/revisions\/742"}],"wp:featuredmedia":[{"embeddable":true,"href":"https:\/\/www.juntadeandalucia.es\/aaiicc\/andalucia-audiovisual\/wp-json\/wp\/v2\/media\/719"}],"wp:attachment":[{"href":"https:\/\/www.juntadeandalucia.es\/aaiicc\/andalucia-audiovisual\/wp-json\/wp\/v2\/media?parent=713"}],"wp:term":[{"taxonomy":"category","embeddable":true,"href":"https:\/\/www.juntadeandalucia.es\/aaiicc\/andalucia-audiovisual\/wp-json\/wp\/v2\/categories?post=713"},{"taxonomy":"post_tag","embeddable":true,"href":"https:\/\/www.juntadeandalucia.es\/aaiicc\/andalucia-audiovisual\/wp-json\/wp\/v2\/tags?post=713"}],"curies":[{"name":"wp","href":"https:\/\/api.w.org\/{rel}","templated":true}]}}