{"id":831,"date":"2026-03-16T09:44:25","date_gmt":"2026-03-16T08:44:25","guid":{"rendered":"https:\/\/zo01-web01.epgpc.epgpc\/cultura\/andalucia-audiovisual\/?p=831"},"modified":"2026-03-16T09:44:25","modified_gmt":"2026-03-16T08:44:25","slug":"palmares-festival-de-malaga-2026","status":"publish","type":"post","link":"https:\/\/www.juntadeandalucia.es\/aaiicc\/andalucia-audiovisual\/palmares-festival-de-malaga-2026\/","title":{"rendered":"Palmar\u00e9s festival de M\u00e1laga 2026"},"content":{"rendered":"\n<p class=\"wp-block-paragraph\"><strong>\u2018Iv\u00e1n &amp; Hadoum\u2019 obtiene tres galardones en el Festival de M\u00e1laga<\/strong><\/p>\n\n\n\n<p class=\"wp-block-paragraph\">La pel\u00edcula <em>Iv\u00e1n &amp; Hadoum<\/em>, dirigida por Ian de la Rosa, ha sido una de las producciones destacadas en el palmar\u00e9s de la 29\u00aa edici\u00f3n del Festival de M\u00e1laga.<\/p>\n\n\n\n<p class=\"wp-block-paragraph\">El largometraje ha obtenido la Biznaga de Plata Premio Especial del Jurado, adem\u00e1s de la Biznaga de Plata al Mejor Guion para el propio Ian de la Rosa y una menci\u00f3n especial a la mejor interpretaci\u00f3n masculina para Silver Chic\u00f3n.<\/p>\n\n\n\n<p class=\"wp-block-paragraph\">Con estos reconocimientos, la \u00f3pera prima del cineasta almeriense se sit\u00faa entre los t\u00edtulos m\u00e1s premiados de esta edici\u00f3n del certamen.<\/p>\n\n\n\n<p class=\"wp-block-paragraph\">El palmar\u00e9s completo de la 29\u00aa edici\u00f3n del Festival de M\u00e1laga puede consultarse en la web oficial del festival <a href=\"https:\/\/festivaldemalaga.com\/actualidad\/ver-noticia\/?id=2802\" data-type=\"link\" data-id=\"https:\/\/festivaldemalaga.com\/actualidad\/ver-noticia\/?id=2802\">aqu\u00ed<\/a><br><\/p>\n\n\n\n<p class=\"wp-block-paragraph\"><\/p>\n","protected":false},"excerpt":{"rendered":"<p>\u2018Iv\u00e1n &amp; Hadoum\u2019 obtiene tres galardones en el Festival de M\u00e1laga La pel\u00edcula Iv\u00e1n &amp; Hadoum, dirigida por Ian de la Rosa, ha sido una de las producciones destacadas en el palmar\u00e9s de la 29\u00aa edici\u00f3n del Festival de M\u00e1laga. El largometraje ha obtenido la Biznaga de Plata Premio Especial del Jurado, adem\u00e1s de la [&hellip;]<\/p>\n","protected":false},"author":9,"featured_media":832,"comment_status":"closed","ping_status":"","sticky":false,"template":"","format":"standard","meta":{"footnotes":""},"categories":[34,14,5],"tags":[43,46,24],"class_list":["post-831","post","type-post","status-publish","format-standard","has-post-thumbnail","hentry","category-festivales","category-malaga","category-noticias","tag-cine-andaluz","tag-festival-de-malaga","tag-festivales"],"_links":{"self":[{"href":"https:\/\/www.juntadeandalucia.es\/aaiicc\/andalucia-audiovisual\/wp-json\/wp\/v2\/posts\/831","targetHints":{"allow":["GET"]}}],"collection":[{"href":"https:\/\/www.juntadeandalucia.es\/aaiicc\/andalucia-audiovisual\/wp-json\/wp\/v2\/posts"}],"about":[{"href":"https:\/\/www.juntadeandalucia.es\/aaiicc\/andalucia-audiovisual\/wp-json\/wp\/v2\/types\/post"}],"author":[{"embeddable":true,"href":"https:\/\/www.juntadeandalucia.es\/aaiicc\/andalucia-audiovisual\/wp-json\/wp\/v2\/users\/9"}],"replies":[{"embeddable":true,"href":"https:\/\/www.juntadeandalucia.es\/aaiicc\/andalucia-audiovisual\/wp-json\/wp\/v2\/comments?post=831"}],"version-history":[{"count":1,"href":"https:\/\/www.juntadeandalucia.es\/aaiicc\/andalucia-audiovisual\/wp-json\/wp\/v2\/posts\/831\/revisions"}],"predecessor-version":[{"id":833,"href":"https:\/\/www.juntadeandalucia.es\/aaiicc\/andalucia-audiovisual\/wp-json\/wp\/v2\/posts\/831\/revisions\/833"}],"wp:featuredmedia":[{"embeddable":true,"href":"https:\/\/www.juntadeandalucia.es\/aaiicc\/andalucia-audiovisual\/wp-json\/wp\/v2\/media\/832"}],"wp:attachment":[{"href":"https:\/\/www.juntadeandalucia.es\/aaiicc\/andalucia-audiovisual\/wp-json\/wp\/v2\/media?parent=831"}],"wp:term":[{"taxonomy":"category","embeddable":true,"href":"https:\/\/www.juntadeandalucia.es\/aaiicc\/andalucia-audiovisual\/wp-json\/wp\/v2\/categories?post=831"},{"taxonomy":"post_tag","embeddable":true,"href":"https:\/\/www.juntadeandalucia.es\/aaiicc\/andalucia-audiovisual\/wp-json\/wp\/v2\/tags?post=831"}],"curies":[{"name":"wp","href":"https:\/\/api.w.org\/{rel}","templated":true}]}}