{"id":18067,"date":"2020-05-29T00:00:00","date_gmt":"2022-05-26T15:26:58","guid":{"rendered":"http:\/\/pd-web-wp-raif.apps.paas-pro.junta-andalucia.es\/2022\/05\/26\/situacion-actual-del-mildiu-en-vid\/"},"modified":"2022-09-29T10:02:16","modified_gmt":"2022-09-29T08:02:16","slug":"situacion-actual-del-mildiu-en-vid","status":"publish","type":"post","link":"https:\/\/pd-web-wp-raif.apps.paas-pro.junta-andalucia.es\/situacion-actual-del-mildiu-en-vid\/","title":{"rendered":"Situaci\u00f3n actual del mildiu en vid"},"content":{"rendered":"<div>\n<p><em>29\/05\/2020<\/em><\/p>\n<p>El <strong>mildiu<\/strong> (<em>Plasmopara viticola<\/em>) es una de las principales enfermedades que afectan a este cultivo.<\/p>\n<p>En nuestra comunidad, debido a la climatolog\u00eda y caracter\u00edsticas de las zonas vit\u00edcolas, su\u00a0 <strong>desarrollo en cada campa\u00f1a es muy variable<\/strong>. Hay a\u00f1os en los que su presencia es pr\u00e1cticamente <strong>nula<\/strong>, sin repercusi\u00f3n alguna, y otras en las que se desarrolla de forma muy virulenta, ocasionando <strong>graves da\u00f1os<\/strong>, con una merma importante de la producci\u00f3n.<\/p>\n<p>El periodo <strong>floraci\u00f3n\u2013cuajado<\/strong> es el mas sensible. La uva, a partir del envero deja de ser sensible a esta enfermedad.<\/p>\n<p>Esta primavera las condiciones meteorol\u00f3gicas, han sido muy favorables para el desarrollo de la enfermedad. Las <strong>primeras infecciones<\/strong> se produjeron por lo general, a partir de las lluvias del 17 de marzo, que originaron infecciones primarias en C\u00e1diz y Huelva, y el 21 de marzo en C\u00f3rdoba. Los primeros s\u00edntomas se observaron en estas provincias los d\u00edas 27 de marzo, 4 de abril y 1 de abril, como se detalla en la tabla adjunta.<\/p>\n<p>Hay que tener en cuenta que desde mediados de marzo hasta mediados de mayo <strong>las lluvias han sido abundantes<\/strong>, con un acumulado de unos 240 mm en el Jerez, 237 mm en el Condado de Huelva y 217 mm en Montilla-Moriles. Las lluvias se han ido registrando <strong>de forma intermitente<\/strong>, y con <strong>temperaturas templadas<\/strong>, originando as\u00ed <strong>sucesivos ciclos de infecci\u00f3n secundarios<\/strong>, con cada episodio de lluvias, afectando a hoja y racimo. Adem\u00e1s la floraci\u00f3n-cuajado, que es el per\u00edodo m\u00e1s sensible, se ha ido producido durante estos dos meses de infecciones, en las distintas zonas vit\u00edcolas. Por todo ello <strong>la incidencia esta campa\u00f1a<\/strong>, en general, <strong>es elevada, superior a las anteriores<\/strong>.<\/p>\n<p>El <strong>\u00faltimo episodio de lluvias<\/strong>, registrado entre los d\u00edas <strong>9 y 17 de mayo<\/strong>, provoc\u00f3 <strong>nuevas infecciones<\/strong>, que se han ido observando en campo <strong>desde el d\u00eda 20, hasta el 26<\/strong>, principalmente. Estos s\u00edntomas han aparecido en hoja y racimo. En hoja como mancha, que puede esporular originando la t\u00edpica pelusa blancecina, en presencia de lluvias o rociadas abundantes. En racimos reci\u00e9n cuajados o en floraci\u00f3n provoca un ennegrecimiento del mismo, con curvatura del raquis y posterior desecaci\u00f3n. En las vi\u00f1as en las que la infecci\u00f3n se produjo con la uva en tama\u00f1o guisante, los s\u00edntomas en racimo tardan algunos m\u00e1s en aparecer, originando lo que se llama mildiu larvado, cuando se produce un arrugamiento de la uva y posterior desecaci\u00f3n. Es decir que <strong>a lo largo de los d\u00edas ir\u00e1 apareciendo a\u00fan el arrugamiento de racimos<\/strong> (mildiu larvado), proveniente de las infecciones de mayo.<\/p>\n<p>Las temperaturas <strong>limitantes <\/strong>para el desarrollo del hongo en la planta est\u00e1n por debajo de los\u00a0<strong>12\u00baC<\/strong> y por encima de los<strong> 30\u00baC<\/strong>, siendo la <strong>\u00f3ptima<\/strong> en torno a los\u00a0<strong>25\u00baC<\/strong>. Podemos decir, por tanto, que en los \u00faltimos d\u00edas, las <strong>temperaturas m\u00e1ximas elevadas<\/strong>, de hasta 35\u00baC, <strong>vientos secos<\/strong>, y <strong>ausencia de precipitaciones<\/strong>, han sido <strong>desfavorables para el desarrollo de la enfermedad, evitando que se produzcan nuevas infecciones<\/strong>.<\/p>\n<p><strong>En caso de producirse nuevas precipitaciones, o nieblas, o roc\u00edo importante<\/strong>, <strong>es conveniente tener protegido el vi\u00f1edo<\/strong>, <strong>antes de que se produzcan las lluvias<\/strong>, para evitar nuevas infecciones en racimo. Consulte la <a href=\"http:\/\/www.aemet.es\/es\/portada\" target=\"_blank\" rel=\"noopener\"><strong>predicci\u00f3n meteorol\u00f3gica<\/strong><\/a>.<\/p>\n<p>Para una informaci\u00f3n m\u00e1s espec\u00edfica se recomienda consultar los <a href=\"https:\/\/www.juntadeandalucia.es\/agriculturapescaydesarrollorural\/raif\/informes-provinciales\" target=\"_blank\" rel=\"noopener\"><strong>informes provinciales<\/strong><\/a>.<\/p>\n<p>Fecha de aparici\u00f3n de las <strong>primeras manchas<\/strong> de mildiu en las principales provincias vit\u00edcolas, en las campa\u00f1as <strong>2007-2020<\/strong>.<\/p>\n<table readabilityDataTable=\"1\">\n<tbody>\n<tr>\n<td>\u00a0<\/td>\n<td><strong>C\u00e1diz<\/strong><\/td>\n<td><strong>C\u00f3rdoba<\/strong><\/td>\n<td><strong>Huelva<\/strong><\/td>\n<\/tr>\n<tr>\n<td><strong>2007<\/strong><\/td>\n<td><strong>05-may<\/strong><\/td>\n<td>14-jun<\/td>\n<td>09-may<\/td>\n<\/tr>\n<tr>\n<td><strong>2008<\/strong><\/td>\n<td><strong>22-abr<\/strong><\/td>\n<td>21-may<\/td>\n<td>23-abr<\/td>\n<\/tr>\n<tr>\n<td><strong>2009<\/strong><\/td>\n<td><strong>22-abr<\/strong><\/td>\n<td>16-jun<\/td>\n<td>08-jun<\/td>\n<\/tr>\n<tr>\n<td><strong>2010<\/strong><\/td>\n<td>30-abr<\/td>\n<td><strong>18-abr<\/strong><\/td>\n<td>04-may<\/td>\n<\/tr>\n<tr>\n<td><strong>2011<\/strong><\/td>\n<td><strong>27-abr<\/strong><\/td>\n<td>01-may<\/td>\n<td>03-may<\/td>\n<\/tr>\n<tr>\n<td><strong>2012<\/strong><\/td>\n<td>16-may<\/td>\n<td>17-may<\/td>\n<td><strong>14-may<\/strong><\/td>\n<\/tr>\n<tr>\n<td><strong>2013<\/strong><\/td>\n<td>23-abr<\/td>\n<td><strong>20-abr<\/strong><\/td>\n<td>22-abr<\/td>\n<\/tr>\n<tr>\n<td><strong>2014<\/strong><\/td>\n<td><strong>02-may<\/strong><\/td>\n<td>23-abr<\/td>\n<td>06-may<\/td>\n<\/tr>\n<tr>\n<td><strong>2015<\/strong><\/td>\n<td>05-may<\/td>\n<td><strong>24-abr<\/strong><\/td>\n<td>28-abr<\/td>\n<\/tr>\n<tr>\n<td><strong>2016<\/strong><\/td>\n<td>22-abr<\/td>\n<td>27-abr<\/td>\n<td><strong>13-abr<\/strong><\/td>\n<\/tr>\n<tr>\n<td><strong>2017<\/strong><\/td>\n<td>20-abr<\/td>\n<td>27-abr<\/td>\n<td><strong>11-abr<\/strong><\/td>\n<\/tr>\n<tr>\n<td><strong>2018<\/strong><\/td>\n<td>15-may<\/td>\n<td><strong>09-may<\/strong><\/td>\n<td>08-jun<\/td>\n<\/tr>\n<tr>\n<td><strong>2019<\/strong><\/td>\n<td>06-may<\/td>\n<td>24-abr<\/td>\n<td><strong>10-abr<\/strong><\/td>\n<\/tr>\n<tr>\n<td><strong>2020<\/strong><\/td>\n<td><strong>27-mar<\/strong><\/td>\n<td>01-abr<\/td>\n<td>04-abr<\/td>\n<\/tr>\n<\/tbody>\n<\/table>\n<p><img decoding=\"async\" alt=\"\" src=\"https:\/\/www.juntadeandalucia.es\/export\/cdn-micrositios\/documents\/71753\/74733\/fotos_noticia_mildiu.jpg\/60fc7691-26e9-422c-9b73-77b0a4639c02?t=1523376859000\"><\/img><\/p>\n<\/p><\/div>\n","protected":false},"excerpt":{"rendered":"<p>29\/05\/2020 El mildiu (Plasmopara viticola) es una de las principales enfermedades que afectan a este cultivo. En nuestra comunidad, debido a la climatolog\u00eda y caracter\u00edsticas de las zonas vit\u00edcolas, su\u00a0 desarrollo en cada campa\u00f1a es muy variable. Hay a\u00f1os en los que su presencia es pr\u00e1cticamente nula, sin repercusi\u00f3n alguna, y otras en las que&hellip;<\/p>\n","protected":false},"author":1,"featured_media":18068,"comment_status":"open","ping_status":"open","sticky":false,"template":"","format":"standard","meta":{"footnotes":""},"categories":[232,247,245],"tags":[],"class_list":["post-18067","post","type-post","status-publish","format-standard","has-post-thumbnail","category-232","category-actualidad-fitosanitaria","category-vid"],"yoast_head":"<!-- This site is optimized with the Yoast SEO plugin v26.1.1 - https:\/\/yoast.com\/wordpress\/plugins\/seo\/ -->\n<title>Situaci\u00f3n actual del mildiu en vid - RAIF<\/title>\n<meta name=\"robots\" content=\"index, follow, max-snippet:-1, max-image-preview:large, max-video-preview:-1\" \/>\n<link rel=\"canonical\" href=\"https:\/\/pd-web-wp-raif.apps.paas-pro.junta-andalucia.es\/situacion-actual-del-mildiu-en-vid\/\" \/>\n<meta property=\"og:locale\" content=\"es_ES\" \/>\n<meta property=\"og:type\" content=\"article\" \/>\n<meta property=\"og:title\" content=\"Situaci\u00f3n actual del mildiu en vid - RAIF\" \/>\n<meta property=\"og:description\" content=\"29\/05\/2020 El mildiu (Plasmopara viticola) es una de las principales enfermedades que afectan a este cultivo. En nuestra comunidad, debido a la climatolog\u00eda y caracter\u00edsticas de las zonas vit\u00edcolas, su\u00a0 desarrollo en cada campa\u00f1a es muy variable. Hay a\u00f1os en los que su presencia es pr\u00e1cticamente nula, sin repercusi\u00f3n alguna, y otras en las que&hellip;\" \/>\n<meta property=\"og:url\" content=\"https:\/\/pd-web-wp-raif.apps.paas-pro.junta-andalucia.es\/situacion-actual-del-mildiu-en-vid\/\" \/>\n<meta property=\"og:site_name\" content=\"RAIF\" \/>\n<meta property=\"article:published_time\" content=\"2022-05-26T15:26:58+00:00\" \/>\n<meta property=\"article:modified_time\" content=\"2022-09-29T08:02:16+00:00\" \/>\n<meta property=\"og:image\" content=\"https:\/\/pd-web-wp-raif.apps.paas-pro.junta-andalucia.es\/wp-content\/uploads\/2022\/05\/18067-60fc7691-26e9-422c-9b73-77b0a4639c02.jpg\" \/>\n\t<meta property=\"og:image:width\" content=\"960\" \/>\n\t<meta property=\"og:image:height\" content=\"720\" \/>\n\t<meta property=\"og:image:type\" content=\"image\/jpeg\" \/>\n<meta name=\"author\" content=\"admin@raif\" \/>\n<meta name=\"twitter:card\" content=\"summary_large_image\" \/>\n<meta name=\"twitter:label1\" content=\"Escrito por\" \/>\n\t<meta name=\"twitter:data1\" content=\"admin@raif\" \/>\n\t<meta name=\"twitter:label2\" content=\"Tiempo de lectura\" \/>\n\t<meta name=\"twitter:data2\" content=\"3 minutos\" \/>\n<script type=\"application\/ld+json\" class=\"yoast-schema-graph\">{\"@context\":\"https:\/\/schema.org\",\"@graph\":[{\"@type\":\"WebPage\",\"@id\":\"https:\/\/pd-web-wp-raif.apps.paas-pro.junta-andalucia.es\/situacion-actual-del-mildiu-en-vid\/\",\"url\":\"https:\/\/pd-web-wp-raif.apps.paas-pro.junta-andalucia.es\/situacion-actual-del-mildiu-en-vid\/\",\"name\":\"Situaci\u00f3n actual del mildiu en vid - RAIF\",\"isPartOf\":{\"@id\":\"https:\/\/pd-web-wp-raif.apps.paas-pro.junta-andalucia.es\/#website\"},\"primaryImageOfPage\":{\"@id\":\"https:\/\/pd-web-wp-raif.apps.paas-pro.junta-andalucia.es\/situacion-actual-del-mildiu-en-vid\/#primaryimage\"},\"image\":{\"@id\":\"https:\/\/pd-web-wp-raif.apps.paas-pro.junta-andalucia.es\/situacion-actual-del-mildiu-en-vid\/#primaryimage\"},\"thumbnailUrl\":\"https:\/\/pd-web-wp-raif.apps.paas-pro.junta-andalucia.es\/wp-content\/uploads\/2022\/05\/18067-60fc7691-26e9-422c-9b73-77b0a4639c02.jpg\",\"datePublished\":\"2022-05-26T15:26:58+00:00\",\"dateModified\":\"2022-09-29T08:02:16+00:00\",\"author\":{\"@id\":\"https:\/\/pd-web-wp-raif.apps.paas-pro.junta-andalucia.es\/#\/schema\/person\/227a8fc3747323ffbba1c06e07632169\"},\"breadcrumb\":{\"@id\":\"https:\/\/pd-web-wp-raif.apps.paas-pro.junta-andalucia.es\/situacion-actual-del-mildiu-en-vid\/#breadcrumb\"},\"inLanguage\":\"es\",\"potentialAction\":[{\"@type\":\"ReadAction\",\"target\":[\"https:\/\/pd-web-wp-raif.apps.paas-pro.junta-andalucia.es\/situacion-actual-del-mildiu-en-vid\/\"]}]},{\"@type\":\"ImageObject\",\"inLanguage\":\"es\",\"@id\":\"https:\/\/pd-web-wp-raif.apps.paas-pro.junta-andalucia.es\/situacion-actual-del-mildiu-en-vid\/#primaryimage\",\"url\":\"https:\/\/pd-web-wp-raif.apps.paas-pro.junta-andalucia.es\/wp-content\/uploads\/2022\/05\/18067-60fc7691-26e9-422c-9b73-77b0a4639c02.jpg\",\"contentUrl\":\"https:\/\/pd-web-wp-raif.apps.paas-pro.junta-andalucia.es\/wp-content\/uploads\/2022\/05\/18067-60fc7691-26e9-422c-9b73-77b0a4639c02.jpg\",\"width\":960,\"height\":720,\"caption\":\"Situaci\u00f3n actual del mildiu en vid\"},{\"@type\":\"BreadcrumbList\",\"@id\":\"https:\/\/pd-web-wp-raif.apps.paas-pro.junta-andalucia.es\/situacion-actual-del-mildiu-en-vid\/#breadcrumb\",\"itemListElement\":[{\"@type\":\"ListItem\",\"position\":1,\"name\":\"Portada\",\"item\":\"https:\/\/pd-web-wp-raif.apps.paas-pro.junta-andalucia.es\/\"},{\"@type\":\"ListItem\",\"position\":2,\"name\":\"Situaci\u00f3n actual del mildiu en vid\"}]},{\"@type\":\"WebSite\",\"@id\":\"https:\/\/pd-web-wp-raif.apps.paas-pro.junta-andalucia.es\/#website\",\"url\":\"https:\/\/pd-web-wp-raif.apps.paas-pro.junta-andalucia.es\/\",\"name\":\"RAIF\",\"description\":\"Red de alerta e informaci\u00f3n fitosanitaria de Andaluc\u00eda\",\"potentialAction\":[{\"@type\":\"SearchAction\",\"target\":{\"@type\":\"EntryPoint\",\"urlTemplate\":\"https:\/\/pd-web-wp-raif.apps.paas-pro.junta-andalucia.es\/?s={search_term_string}\"},\"query-input\":{\"@type\":\"PropertyValueSpecification\",\"valueRequired\":true,\"valueName\":\"search_term_string\"}}],\"inLanguage\":\"es\"},{\"@type\":\"Person\",\"@id\":\"https:\/\/pd-web-wp-raif.apps.paas-pro.junta-andalucia.es\/#\/schema\/person\/227a8fc3747323ffbba1c06e07632169\",\"name\":\"admin@raif\",\"image\":{\"@type\":\"ImageObject\",\"inLanguage\":\"es\",\"@id\":\"https:\/\/pd-web-wp-raif.apps.paas-pro.junta-andalucia.es\/#\/schema\/person\/image\/\",\"url\":\"https:\/\/secure.gravatar.com\/avatar\/138bc89f6717f7d5d03862c0606136b0dc8930a0ff9e539442256a405b0153bc?s=96&d=mm&r=g\",\"contentUrl\":\"https:\/\/secure.gravatar.com\/avatar\/138bc89f6717f7d5d03862c0606136b0dc8930a0ff9e539442256a405b0153bc?s=96&d=mm&r=g\",\"caption\":\"admin@raif\"},\"sameAs\":[\"http:\/\/pd-web-wp-raif.apps.paas-pro.junta-andalucia.es\"],\"url\":\"https:\/\/pd-web-wp-raif.apps.paas-pro.junta-andalucia.es\/author\/adminraif\/\"}]}<\/script>\n<!-- \/ Yoast SEO plugin. -->","yoast_head_json":{"title":"Situaci\u00f3n actual del mildiu en vid - RAIF","robots":{"index":"index","follow":"follow","max-snippet":"max-snippet:-1","max-image-preview":"max-image-preview:large","max-video-preview":"max-video-preview:-1"},"canonical":"https:\/\/pd-web-wp-raif.apps.paas-pro.junta-andalucia.es\/situacion-actual-del-mildiu-en-vid\/","og_locale":"es_ES","og_type":"article","og_title":"Situaci\u00f3n actual del mildiu en vid - RAIF","og_description":"29\/05\/2020 El mildiu (Plasmopara viticola) es una de las principales enfermedades que afectan a este cultivo. En nuestra comunidad, debido a la climatolog\u00eda y caracter\u00edsticas de las zonas vit\u00edcolas, su\u00a0 desarrollo en cada campa\u00f1a es muy variable. Hay a\u00f1os en los que su presencia es pr\u00e1cticamente nula, sin repercusi\u00f3n alguna, y otras en las que&hellip;","og_url":"https:\/\/pd-web-wp-raif.apps.paas-pro.junta-andalucia.es\/situacion-actual-del-mildiu-en-vid\/","og_site_name":"RAIF","article_published_time":"2022-05-26T15:26:58+00:00","article_modified_time":"2022-09-29T08:02:16+00:00","og_image":[{"width":960,"height":720,"url":"https:\/\/pd-web-wp-raif.apps.paas-pro.junta-andalucia.es\/wp-content\/uploads\/2022\/05\/18067-60fc7691-26e9-422c-9b73-77b0a4639c02.jpg","type":"image\/jpeg"}],"author":"admin@raif","twitter_card":"summary_large_image","twitter_misc":{"Escrito por":"admin@raif","Tiempo de lectura":"3 minutos"},"schema":{"@context":"https:\/\/schema.org","@graph":[{"@type":"WebPage","@id":"https:\/\/pd-web-wp-raif.apps.paas-pro.junta-andalucia.es\/situacion-actual-del-mildiu-en-vid\/","url":"https:\/\/pd-web-wp-raif.apps.paas-pro.junta-andalucia.es\/situacion-actual-del-mildiu-en-vid\/","name":"Situaci\u00f3n actual del mildiu en vid - RAIF","isPartOf":{"@id":"https:\/\/pd-web-wp-raif.apps.paas-pro.junta-andalucia.es\/#website"},"primaryImageOfPage":{"@id":"https:\/\/pd-web-wp-raif.apps.paas-pro.junta-andalucia.es\/situacion-actual-del-mildiu-en-vid\/#primaryimage"},"image":{"@id":"https:\/\/pd-web-wp-raif.apps.paas-pro.junta-andalucia.es\/situacion-actual-del-mildiu-en-vid\/#primaryimage"},"thumbnailUrl":"https:\/\/pd-web-wp-raif.apps.paas-pro.junta-andalucia.es\/wp-content\/uploads\/2022\/05\/18067-60fc7691-26e9-422c-9b73-77b0a4639c02.jpg","datePublished":"2022-05-26T15:26:58+00:00","dateModified":"2022-09-29T08:02:16+00:00","author":{"@id":"https:\/\/pd-web-wp-raif.apps.paas-pro.junta-andalucia.es\/#\/schema\/person\/227a8fc3747323ffbba1c06e07632169"},"breadcrumb":{"@id":"https:\/\/pd-web-wp-raif.apps.paas-pro.junta-andalucia.es\/situacion-actual-del-mildiu-en-vid\/#breadcrumb"},"inLanguage":"es","potentialAction":[{"@type":"ReadAction","target":["https:\/\/pd-web-wp-raif.apps.paas-pro.junta-andalucia.es\/situacion-actual-del-mildiu-en-vid\/"]}]},{"@type":"ImageObject","inLanguage":"es","@id":"https:\/\/pd-web-wp-raif.apps.paas-pro.junta-andalucia.es\/situacion-actual-del-mildiu-en-vid\/#primaryimage","url":"https:\/\/pd-web-wp-raif.apps.paas-pro.junta-andalucia.es\/wp-content\/uploads\/2022\/05\/18067-60fc7691-26e9-422c-9b73-77b0a4639c02.jpg","contentUrl":"https:\/\/pd-web-wp-raif.apps.paas-pro.junta-andalucia.es\/wp-content\/uploads\/2022\/05\/18067-60fc7691-26e9-422c-9b73-77b0a4639c02.jpg","width":960,"height":720,"caption":"Situaci\u00f3n actual del mildiu en vid"},{"@type":"BreadcrumbList","@id":"https:\/\/pd-web-wp-raif.apps.paas-pro.junta-andalucia.es\/situacion-actual-del-mildiu-en-vid\/#breadcrumb","itemListElement":[{"@type":"ListItem","position":1,"name":"Portada","item":"https:\/\/pd-web-wp-raif.apps.paas-pro.junta-andalucia.es\/"},{"@type":"ListItem","position":2,"name":"Situaci\u00f3n actual del mildiu en vid"}]},{"@type":"WebSite","@id":"https:\/\/pd-web-wp-raif.apps.paas-pro.junta-andalucia.es\/#website","url":"https:\/\/pd-web-wp-raif.apps.paas-pro.junta-andalucia.es\/","name":"RAIF","description":"Red de alerta e informaci\u00f3n fitosanitaria de Andaluc\u00eda","potentialAction":[{"@type":"SearchAction","target":{"@type":"EntryPoint","urlTemplate":"https:\/\/pd-web-wp-raif.apps.paas-pro.junta-andalucia.es\/?s={search_term_string}"},"query-input":{"@type":"PropertyValueSpecification","valueRequired":true,"valueName":"search_term_string"}}],"inLanguage":"es"},{"@type":"Person","@id":"https:\/\/pd-web-wp-raif.apps.paas-pro.junta-andalucia.es\/#\/schema\/person\/227a8fc3747323ffbba1c06e07632169","name":"admin@raif","image":{"@type":"ImageObject","inLanguage":"es","@id":"https:\/\/pd-web-wp-raif.apps.paas-pro.junta-andalucia.es\/#\/schema\/person\/image\/","url":"https:\/\/secure.gravatar.com\/avatar\/138bc89f6717f7d5d03862c0606136b0dc8930a0ff9e539442256a405b0153bc?s=96&d=mm&r=g","contentUrl":"https:\/\/secure.gravatar.com\/avatar\/138bc89f6717f7d5d03862c0606136b0dc8930a0ff9e539442256a405b0153bc?s=96&d=mm&r=g","caption":"admin@raif"},"sameAs":["http:\/\/pd-web-wp-raif.apps.paas-pro.junta-andalucia.es"],"url":"https:\/\/pd-web-wp-raif.apps.paas-pro.junta-andalucia.es\/author\/adminraif\/"}]}},"_links":{"self":[{"href":"https:\/\/pd-web-wp-raif.apps.paas-pro.junta-andalucia.es\/api\/wp\/v2\/posts\/18067","targetHints":{"allow":["GET"]}}],"collection":[{"href":"https:\/\/pd-web-wp-raif.apps.paas-pro.junta-andalucia.es\/api\/wp\/v2\/posts"}],"about":[{"href":"https:\/\/pd-web-wp-raif.apps.paas-pro.junta-andalucia.es\/api\/wp\/v2\/types\/post"}],"author":[{"embeddable":true,"href":"https:\/\/pd-web-wp-raif.apps.paas-pro.junta-andalucia.es\/api\/wp\/v2\/users\/1"}],"replies":[{"embeddable":true,"href":"https:\/\/pd-web-wp-raif.apps.paas-pro.junta-andalucia.es\/api\/wp\/v2\/comments?post=18067"}],"version-history":[{"count":1,"href":"https:\/\/pd-web-wp-raif.apps.paas-pro.junta-andalucia.es\/api\/wp\/v2\/posts\/18067\/revisions"}],"predecessor-version":[{"id":22988,"href":"https:\/\/pd-web-wp-raif.apps.paas-pro.junta-andalucia.es\/api\/wp\/v2\/posts\/18067\/revisions\/22988"}],"wp:featuredmedia":[{"embeddable":true,"href":"https:\/\/pd-web-wp-raif.apps.paas-pro.junta-andalucia.es\/api\/wp\/v2\/media\/18068"}],"wp:attachment":[{"href":"https:\/\/pd-web-wp-raif.apps.paas-pro.junta-andalucia.es\/api\/wp\/v2\/media?parent=18067"}],"wp:term":[{"taxonomy":"category","embeddable":true,"href":"https:\/\/pd-web-wp-raif.apps.paas-pro.junta-andalucia.es\/api\/wp\/v2\/categories?post=18067"},{"taxonomy":"post_tag","embeddable":true,"href":"https:\/\/pd-web-wp-raif.apps.paas-pro.junta-andalucia.es\/api\/wp\/v2\/tags?post=18067"}],"curies":[{"name":"wp","href":"https:\/\/api.w.org\/{rel}","templated":true}]}}