{"id":19081,"date":"2019-03-26T00:00:00","date_gmt":"2022-05-26T19:13:24","guid":{"rendered":"http:\/\/pd-web-wp-raif.apps.paas-pro.junta-andalucia.es\/2022\/05\/26\/presencia-del-pulgon-verde-de-las-solanaceas-en-cultivos-de-pimiento-en-la-provincia-de-almeria\/"},"modified":"2022-09-29T10:02:24","modified_gmt":"2022-09-29T08:02:24","slug":"presencia-del-pulgon-verde-de-las-solanaceas-en-cultivos-de-pimiento-en-la-provincia-de-almeria","status":"publish","type":"post","link":"https:\/\/pd-web-wp-raif.apps.paas-pro.junta-andalucia.es\/presencia-del-pulgon-verde-de-las-solanaceas-en-cultivos-de-pimiento-en-la-provincia-de-almeria\/","title":{"rendered":"Presencia del pulg\u00f3n verde de las solan\u00e1ceas en cultivos de pimiento en la provincia de Almer\u00eda"},"content":{"rendered":"<div>\n<p><em>26\/03\/2019<\/em><\/p>\n<p>Cada vez es m\u00e1s f\u00e1cil detectar en primavera la presencia de o <strong>pulg\u00f3n verde de las solan\u00e1ceas<\/strong> (<em>Macrosiphum euphorbiae<\/em>) en el cultivo de pimiento bajo abrigo. Aunque es bastante pol\u00edfago, suele aparecer en solan\u00e1ceas, especialmente en pimiento y berenjena, aunque tambi\u00e9n puede atacar a tomate y en ocasiones a calabac\u00edn. En todos los casos forma las t\u00edpicas colonias compactas de pulg\u00f3n<\/p>\n<p>Las <strong>ninfas y adultos extraen nutrientes de la planta y perturban el equilibrio de las hormonas de crecimiento<\/strong>. Como resultado, el crecimiento de la planta se ralentiza, provocando la deformaci\u00f3n de las hojas o, si la infestaci\u00f3n se produce suficientemente pronto en la temporada, la necrosis de las plantas j\u00f3venes. El retraso en el crecimiento y la defoliaci\u00f3n disminuyen la cosecha.<\/p>\n<p>Una de las causas de este aumento es que <strong>los par\u00e1sitos que normalmente se sueltan<\/strong> para el control de los pulgones m\u00e1s comunes que aparecen en este cultivo, no son capaces de controlar las poblaciones de <em>Macrosiphum euphorbiae<\/em> (no realizan un buen control de la plaga). Por el contrario los <strong>depredadores <\/strong>como es el caso de la crisopa \u201c<em>Chrysoperla carnea<\/em>\u201d, <strong>realizan un excelente control de este tipo de pulg\u00f3n<\/strong>. Por tanto en aquellas parcelas en las que exista <strong>presencia de depredadores, el control de esta plaga es mayor<\/strong>.<\/p>\n<\/p><\/div>\n","protected":false},"excerpt":{"rendered":"<p>26\/03\/2019 Cada vez es m\u00e1s f\u00e1cil detectar en primavera la presencia de o pulg\u00f3n verde de las solan\u00e1ceas (Macrosiphum euphorbiae) en el cultivo de pimiento bajo abrigo. Aunque es bastante pol\u00edfago, suele aparecer en solan\u00e1ceas, especialmente en pimiento y berenjena, aunque tambi\u00e9n puede atacar a tomate y en ocasiones a calabac\u00edn. En todos los casos&hellip;<\/p>\n","protected":false},"author":1,"featured_media":52383,"comment_status":"open","ping_status":"open","sticky":false,"template":"","format":"standard","meta":{"footnotes":""},"categories":[233,247,246],"tags":[],"class_list":["post-19081","post","type-post","status-publish","format-standard","has-post-thumbnail","category-233","category-actualidad-fitosanitaria","category-horticolas-protegidos"],"yoast_head":"<!-- This site is optimized with the Yoast SEO plugin v26.1.1 - https:\/\/yoast.com\/wordpress\/plugins\/seo\/ -->\n<title>Presencia del pulg\u00f3n verde de las solan\u00e1ceas en cultivos de pimiento en la provincia de Almer\u00eda - RAIF<\/title>\n<meta name=\"robots\" content=\"index, follow, max-snippet:-1, max-image-preview:large, max-video-preview:-1\" \/>\n<link rel=\"canonical\" href=\"https:\/\/pd-web-wp-raif.apps.paas-pro.junta-andalucia.es\/presencia-del-pulgon-verde-de-las-solanaceas-en-cultivos-de-pimiento-en-la-provincia-de-almeria\/\" \/>\n<meta property=\"og:locale\" content=\"es_ES\" \/>\n<meta property=\"og:type\" content=\"article\" \/>\n<meta property=\"og:title\" content=\"Presencia del pulg\u00f3n verde de las solan\u00e1ceas en cultivos de pimiento en la provincia de Almer\u00eda - RAIF\" \/>\n<meta property=\"og:description\" content=\"26\/03\/2019 Cada vez es m\u00e1s f\u00e1cil detectar en primavera la presencia de o pulg\u00f3n verde de las solan\u00e1ceas (Macrosiphum euphorbiae) en el cultivo de pimiento bajo abrigo. Aunque es bastante pol\u00edfago, suele aparecer en solan\u00e1ceas, especialmente en pimiento y berenjena, aunque tambi\u00e9n puede atacar a tomate y en ocasiones a calabac\u00edn. En todos los casos&hellip;\" \/>\n<meta property=\"og:url\" content=\"https:\/\/pd-web-wp-raif.apps.paas-pro.junta-andalucia.es\/presencia-del-pulgon-verde-de-las-solanaceas-en-cultivos-de-pimiento-en-la-provincia-de-almeria\/\" \/>\n<meta property=\"og:site_name\" content=\"RAIF\" \/>\n<meta property=\"article:published_time\" content=\"2022-05-26T19:13:24+00:00\" \/>\n<meta property=\"article:modified_time\" content=\"2022-09-29T08:02:24+00:00\" \/>\n<meta property=\"og:image\" content=\"https:\/\/pd-web-wp-raif.apps.paas-pro.junta-andalucia.es\/wp-content\/uploads\/2022\/10\/presencia-del-pulgon-verde-de-las-solanaceas-en-cultivos-de-pimiento-en-la-provincia-de-almeria.jpg\" \/>\n\t<meta property=\"og:image:width\" content=\"1\" \/>\n\t<meta property=\"og:image:height\" content=\"1\" \/>\n\t<meta property=\"og:image:type\" content=\"image\/jpeg\" \/>\n<meta name=\"author\" content=\"admin@raif\" \/>\n<meta name=\"twitter:card\" content=\"summary_large_image\" \/>\n<meta name=\"twitter:label1\" content=\"Escrito por\" \/>\n\t<meta name=\"twitter:data1\" content=\"admin@raif\" \/>\n\t<meta name=\"twitter:label2\" content=\"Tiempo de lectura\" \/>\n\t<meta name=\"twitter:data2\" content=\"1 minuto\" \/>\n<script type=\"application\/ld+json\" class=\"yoast-schema-graph\">{\"@context\":\"https:\/\/schema.org\",\"@graph\":[{\"@type\":\"WebPage\",\"@id\":\"https:\/\/pd-web-wp-raif.apps.paas-pro.junta-andalucia.es\/presencia-del-pulgon-verde-de-las-solanaceas-en-cultivos-de-pimiento-en-la-provincia-de-almeria\/\",\"url\":\"https:\/\/pd-web-wp-raif.apps.paas-pro.junta-andalucia.es\/presencia-del-pulgon-verde-de-las-solanaceas-en-cultivos-de-pimiento-en-la-provincia-de-almeria\/\",\"name\":\"Presencia del pulg\u00f3n verde de las solan\u00e1ceas en cultivos de pimiento en la provincia de Almer\u00eda - RAIF\",\"isPartOf\":{\"@id\":\"https:\/\/pd-web-wp-raif.apps.paas-pro.junta-andalucia.es\/#website\"},\"primaryImageOfPage\":{\"@id\":\"https:\/\/pd-web-wp-raif.apps.paas-pro.junta-andalucia.es\/presencia-del-pulgon-verde-de-las-solanaceas-en-cultivos-de-pimiento-en-la-provincia-de-almeria\/#primaryimage\"},\"image\":{\"@id\":\"https:\/\/pd-web-wp-raif.apps.paas-pro.junta-andalucia.es\/presencia-del-pulgon-verde-de-las-solanaceas-en-cultivos-de-pimiento-en-la-provincia-de-almeria\/#primaryimage\"},\"thumbnailUrl\":\"https:\/\/pd-web-wp-raif.apps.paas-pro.junta-andalucia.es\/wp-content\/uploads\/2022\/10\/presencia-del-pulgon-verde-de-las-solanaceas-en-cultivos-de-pimiento-en-la-provincia-de-almeria.jpg\",\"datePublished\":\"2022-05-26T19:13:24+00:00\",\"dateModified\":\"2022-09-29T08:02:24+00:00\",\"author\":{\"@id\":\"https:\/\/pd-web-wp-raif.apps.paas-pro.junta-andalucia.es\/#\/schema\/person\/227a8fc3747323ffbba1c06e07632169\"},\"breadcrumb\":{\"@id\":\"https:\/\/pd-web-wp-raif.apps.paas-pro.junta-andalucia.es\/presencia-del-pulgon-verde-de-las-solanaceas-en-cultivos-de-pimiento-en-la-provincia-de-almeria\/#breadcrumb\"},\"inLanguage\":\"es\",\"potentialAction\":[{\"@type\":\"ReadAction\",\"target\":[\"https:\/\/pd-web-wp-raif.apps.paas-pro.junta-andalucia.es\/presencia-del-pulgon-verde-de-las-solanaceas-en-cultivos-de-pimiento-en-la-provincia-de-almeria\/\"]}]},{\"@type\":\"ImageObject\",\"inLanguage\":\"es\",\"@id\":\"https:\/\/pd-web-wp-raif.apps.paas-pro.junta-andalucia.es\/presencia-del-pulgon-verde-de-las-solanaceas-en-cultivos-de-pimiento-en-la-provincia-de-almeria\/#primaryimage\",\"url\":\"https:\/\/pd-web-wp-raif.apps.paas-pro.junta-andalucia.es\/wp-content\/uploads\/2022\/10\/presencia-del-pulgon-verde-de-las-solanaceas-en-cultivos-de-pimiento-en-la-provincia-de-almeria.jpg\",\"contentUrl\":\"https:\/\/pd-web-wp-raif.apps.paas-pro.junta-andalucia.es\/wp-content\/uploads\/2022\/10\/presencia-del-pulgon-verde-de-las-solanaceas-en-cultivos-de-pimiento-en-la-provincia-de-almeria.jpg\"},{\"@type\":\"BreadcrumbList\",\"@id\":\"https:\/\/pd-web-wp-raif.apps.paas-pro.junta-andalucia.es\/presencia-del-pulgon-verde-de-las-solanaceas-en-cultivos-de-pimiento-en-la-provincia-de-almeria\/#breadcrumb\",\"itemListElement\":[{\"@type\":\"ListItem\",\"position\":1,\"name\":\"Portada\",\"item\":\"https:\/\/pd-web-wp-raif.apps.paas-pro.junta-andalucia.es\/\"},{\"@type\":\"ListItem\",\"position\":2,\"name\":\"Presencia del pulg\u00f3n verde de las solan\u00e1ceas en cultivos de pimiento en la provincia de Almer\u00eda\"}]},{\"@type\":\"WebSite\",\"@id\":\"https:\/\/pd-web-wp-raif.apps.paas-pro.junta-andalucia.es\/#website\",\"url\":\"https:\/\/pd-web-wp-raif.apps.paas-pro.junta-andalucia.es\/\",\"name\":\"RAIF\",\"description\":\"Red de alerta e informaci\u00f3n fitosanitaria de Andaluc\u00eda\",\"potentialAction\":[{\"@type\":\"SearchAction\",\"target\":{\"@type\":\"EntryPoint\",\"urlTemplate\":\"https:\/\/pd-web-wp-raif.apps.paas-pro.junta-andalucia.es\/?s={search_term_string}\"},\"query-input\":{\"@type\":\"PropertyValueSpecification\",\"valueRequired\":true,\"valueName\":\"search_term_string\"}}],\"inLanguage\":\"es\"},{\"@type\":\"Person\",\"@id\":\"https:\/\/pd-web-wp-raif.apps.paas-pro.junta-andalucia.es\/#\/schema\/person\/227a8fc3747323ffbba1c06e07632169\",\"name\":\"admin@raif\",\"image\":{\"@type\":\"ImageObject\",\"inLanguage\":\"es\",\"@id\":\"https:\/\/pd-web-wp-raif.apps.paas-pro.junta-andalucia.es\/#\/schema\/person\/image\/\",\"url\":\"https:\/\/secure.gravatar.com\/avatar\/138bc89f6717f7d5d03862c0606136b0dc8930a0ff9e539442256a405b0153bc?s=96&d=mm&r=g\",\"contentUrl\":\"https:\/\/secure.gravatar.com\/avatar\/138bc89f6717f7d5d03862c0606136b0dc8930a0ff9e539442256a405b0153bc?s=96&d=mm&r=g\",\"caption\":\"admin@raif\"},\"sameAs\":[\"http:\/\/pd-web-wp-raif.apps.paas-pro.junta-andalucia.es\"],\"url\":\"https:\/\/pd-web-wp-raif.apps.paas-pro.junta-andalucia.es\/author\/adminraif\/\"}]}<\/script>\n<!-- \/ Yoast SEO plugin. -->","yoast_head_json":{"title":"Presencia del pulg\u00f3n verde de las solan\u00e1ceas en cultivos de pimiento en la provincia de Almer\u00eda - RAIF","robots":{"index":"index","follow":"follow","max-snippet":"max-snippet:-1","max-image-preview":"max-image-preview:large","max-video-preview":"max-video-preview:-1"},"canonical":"https:\/\/pd-web-wp-raif.apps.paas-pro.junta-andalucia.es\/presencia-del-pulgon-verde-de-las-solanaceas-en-cultivos-de-pimiento-en-la-provincia-de-almeria\/","og_locale":"es_ES","og_type":"article","og_title":"Presencia del pulg\u00f3n verde de las solan\u00e1ceas en cultivos de pimiento en la provincia de Almer\u00eda - RAIF","og_description":"26\/03\/2019 Cada vez es m\u00e1s f\u00e1cil detectar en primavera la presencia de o pulg\u00f3n verde de las solan\u00e1ceas (Macrosiphum euphorbiae) en el cultivo de pimiento bajo abrigo. Aunque es bastante pol\u00edfago, suele aparecer en solan\u00e1ceas, especialmente en pimiento y berenjena, aunque tambi\u00e9n puede atacar a tomate y en ocasiones a calabac\u00edn. En todos los casos&hellip;","og_url":"https:\/\/pd-web-wp-raif.apps.paas-pro.junta-andalucia.es\/presencia-del-pulgon-verde-de-las-solanaceas-en-cultivos-de-pimiento-en-la-provincia-de-almeria\/","og_site_name":"RAIF","article_published_time":"2022-05-26T19:13:24+00:00","article_modified_time":"2022-09-29T08:02:24+00:00","og_image":[{"url":"https:\/\/pd-web-wp-raif.apps.paas-pro.junta-andalucia.es\/wp-content\/uploads\/2022\/10\/presencia-del-pulgon-verde-de-las-solanaceas-en-cultivos-de-pimiento-en-la-provincia-de-almeria.jpg","width":1,"height":1,"type":"image\/jpeg"}],"author":"admin@raif","twitter_card":"summary_large_image","twitter_misc":{"Escrito por":"admin@raif","Tiempo de lectura":"1 minuto"},"schema":{"@context":"https:\/\/schema.org","@graph":[{"@type":"WebPage","@id":"https:\/\/pd-web-wp-raif.apps.paas-pro.junta-andalucia.es\/presencia-del-pulgon-verde-de-las-solanaceas-en-cultivos-de-pimiento-en-la-provincia-de-almeria\/","url":"https:\/\/pd-web-wp-raif.apps.paas-pro.junta-andalucia.es\/presencia-del-pulgon-verde-de-las-solanaceas-en-cultivos-de-pimiento-en-la-provincia-de-almeria\/","name":"Presencia del pulg\u00f3n verde de las solan\u00e1ceas en cultivos de pimiento en la provincia de Almer\u00eda - RAIF","isPartOf":{"@id":"https:\/\/pd-web-wp-raif.apps.paas-pro.junta-andalucia.es\/#website"},"primaryImageOfPage":{"@id":"https:\/\/pd-web-wp-raif.apps.paas-pro.junta-andalucia.es\/presencia-del-pulgon-verde-de-las-solanaceas-en-cultivos-de-pimiento-en-la-provincia-de-almeria\/#primaryimage"},"image":{"@id":"https:\/\/pd-web-wp-raif.apps.paas-pro.junta-andalucia.es\/presencia-del-pulgon-verde-de-las-solanaceas-en-cultivos-de-pimiento-en-la-provincia-de-almeria\/#primaryimage"},"thumbnailUrl":"https:\/\/pd-web-wp-raif.apps.paas-pro.junta-andalucia.es\/wp-content\/uploads\/2022\/10\/presencia-del-pulgon-verde-de-las-solanaceas-en-cultivos-de-pimiento-en-la-provincia-de-almeria.jpg","datePublished":"2022-05-26T19:13:24+00:00","dateModified":"2022-09-29T08:02:24+00:00","author":{"@id":"https:\/\/pd-web-wp-raif.apps.paas-pro.junta-andalucia.es\/#\/schema\/person\/227a8fc3747323ffbba1c06e07632169"},"breadcrumb":{"@id":"https:\/\/pd-web-wp-raif.apps.paas-pro.junta-andalucia.es\/presencia-del-pulgon-verde-de-las-solanaceas-en-cultivos-de-pimiento-en-la-provincia-de-almeria\/#breadcrumb"},"inLanguage":"es","potentialAction":[{"@type":"ReadAction","target":["https:\/\/pd-web-wp-raif.apps.paas-pro.junta-andalucia.es\/presencia-del-pulgon-verde-de-las-solanaceas-en-cultivos-de-pimiento-en-la-provincia-de-almeria\/"]}]},{"@type":"ImageObject","inLanguage":"es","@id":"https:\/\/pd-web-wp-raif.apps.paas-pro.junta-andalucia.es\/presencia-del-pulgon-verde-de-las-solanaceas-en-cultivos-de-pimiento-en-la-provincia-de-almeria\/#primaryimage","url":"https:\/\/pd-web-wp-raif.apps.paas-pro.junta-andalucia.es\/wp-content\/uploads\/2022\/10\/presencia-del-pulgon-verde-de-las-solanaceas-en-cultivos-de-pimiento-en-la-provincia-de-almeria.jpg","contentUrl":"https:\/\/pd-web-wp-raif.apps.paas-pro.junta-andalucia.es\/wp-content\/uploads\/2022\/10\/presencia-del-pulgon-verde-de-las-solanaceas-en-cultivos-de-pimiento-en-la-provincia-de-almeria.jpg"},{"@type":"BreadcrumbList","@id":"https:\/\/pd-web-wp-raif.apps.paas-pro.junta-andalucia.es\/presencia-del-pulgon-verde-de-las-solanaceas-en-cultivos-de-pimiento-en-la-provincia-de-almeria\/#breadcrumb","itemListElement":[{"@type":"ListItem","position":1,"name":"Portada","item":"https:\/\/pd-web-wp-raif.apps.paas-pro.junta-andalucia.es\/"},{"@type":"ListItem","position":2,"name":"Presencia del pulg\u00f3n verde de las solan\u00e1ceas en cultivos de pimiento en la provincia de Almer\u00eda"}]},{"@type":"WebSite","@id":"https:\/\/pd-web-wp-raif.apps.paas-pro.junta-andalucia.es\/#website","url":"https:\/\/pd-web-wp-raif.apps.paas-pro.junta-andalucia.es\/","name":"RAIF","description":"Red de alerta e informaci\u00f3n fitosanitaria de Andaluc\u00eda","potentialAction":[{"@type":"SearchAction","target":{"@type":"EntryPoint","urlTemplate":"https:\/\/pd-web-wp-raif.apps.paas-pro.junta-andalucia.es\/?s={search_term_string}"},"query-input":{"@type":"PropertyValueSpecification","valueRequired":true,"valueName":"search_term_string"}}],"inLanguage":"es"},{"@type":"Person","@id":"https:\/\/pd-web-wp-raif.apps.paas-pro.junta-andalucia.es\/#\/schema\/person\/227a8fc3747323ffbba1c06e07632169","name":"admin@raif","image":{"@type":"ImageObject","inLanguage":"es","@id":"https:\/\/pd-web-wp-raif.apps.paas-pro.junta-andalucia.es\/#\/schema\/person\/image\/","url":"https:\/\/secure.gravatar.com\/avatar\/138bc89f6717f7d5d03862c0606136b0dc8930a0ff9e539442256a405b0153bc?s=96&d=mm&r=g","contentUrl":"https:\/\/secure.gravatar.com\/avatar\/138bc89f6717f7d5d03862c0606136b0dc8930a0ff9e539442256a405b0153bc?s=96&d=mm&r=g","caption":"admin@raif"},"sameAs":["http:\/\/pd-web-wp-raif.apps.paas-pro.junta-andalucia.es"],"url":"https:\/\/pd-web-wp-raif.apps.paas-pro.junta-andalucia.es\/author\/adminraif\/"}]}},"_links":{"self":[{"href":"https:\/\/pd-web-wp-raif.apps.paas-pro.junta-andalucia.es\/api\/wp\/v2\/posts\/19081","targetHints":{"allow":["GET"]}}],"collection":[{"href":"https:\/\/pd-web-wp-raif.apps.paas-pro.junta-andalucia.es\/api\/wp\/v2\/posts"}],"about":[{"href":"https:\/\/pd-web-wp-raif.apps.paas-pro.junta-andalucia.es\/api\/wp\/v2\/types\/post"}],"author":[{"embeddable":true,"href":"https:\/\/pd-web-wp-raif.apps.paas-pro.junta-andalucia.es\/api\/wp\/v2\/users\/1"}],"replies":[{"embeddable":true,"href":"https:\/\/pd-web-wp-raif.apps.paas-pro.junta-andalucia.es\/api\/wp\/v2\/comments?post=19081"}],"version-history":[{"count":1,"href":"https:\/\/pd-web-wp-raif.apps.paas-pro.junta-andalucia.es\/api\/wp\/v2\/posts\/19081\/revisions"}],"predecessor-version":[{"id":22696,"href":"https:\/\/pd-web-wp-raif.apps.paas-pro.junta-andalucia.es\/api\/wp\/v2\/posts\/19081\/revisions\/22696"}],"wp:featuredmedia":[{"embeddable":true,"href":"https:\/\/pd-web-wp-raif.apps.paas-pro.junta-andalucia.es\/api\/wp\/v2\/media\/52383"}],"wp:attachment":[{"href":"https:\/\/pd-web-wp-raif.apps.paas-pro.junta-andalucia.es\/api\/wp\/v2\/media?parent=19081"}],"wp:term":[{"taxonomy":"category","embeddable":true,"href":"https:\/\/pd-web-wp-raif.apps.paas-pro.junta-andalucia.es\/api\/wp\/v2\/categories?post=19081"},{"taxonomy":"post_tag","embeddable":true,"href":"https:\/\/pd-web-wp-raif.apps.paas-pro.junta-andalucia.es\/api\/wp\/v2\/tags?post=19081"}],"curies":[{"name":"wp","href":"https:\/\/api.w.org\/{rel}","templated":true}]}}