{"id":20547,"date":"2022-05-26T23:17:54","date_gmt":"2022-05-26T23:17:54","guid":{"rendered":"http:\/\/pd-web-wp-raif.apps.paas-pro.junta-andalucia.es\/2022\/05\/26\/condiciones-idoneas-para-el-desarrollo-del-mildiu-de-las-cucurbitacas\/"},"modified":"2022-09-29T09:49:51","modified_gmt":"2022-09-29T07:49:51","slug":"condiciones-idoneas-para-el-desarrollo-del-mildiu-de-las-cucurbitacas","status":"publish","type":"post","link":"https:\/\/pd-web-wp-raif.apps.paas-pro.junta-andalucia.es\/condiciones-idoneas-para-el-desarrollo-del-mildiu-de-las-cucurbitacas\/","title":{"rendered":"Condiciones id\u00f3neas para el desarrollo del mildiu de las cucurbit\u00e1cas."},"content":{"rendered":"<div>\n<p>A partir de ahora las <strong>condiciones meteorol\u00f3gicas<\/strong> son cada vez m\u00e1s id\u00f3neas para el desarrollo del <strong>mildiu de las cucurbit\u00e1ceas<\/strong> (<em>Pseudoperonospora cubensis<\/em>), <strong>temperaturas suaves<\/strong> (15 a 25\u00baC) y <strong>humedades muy altas<\/strong> (80-90%). La <strong>presencia de agua libre<\/strong> sobre las hojas es imprescindible para la infecci\u00f3n.\u00a0<strong>Da\u00f1os directos<\/strong><br \/><\/br> \u00a0<strong>La enfermedad se manifiesta s\u00f3lo en hojas<\/strong>, observ\u00e1ndose tanto en viejas como j\u00f3venes. Al principio aparecen manchas en el haz de color verde claro, y despu\u00e9s amarillentas con formas angulares. En el env\u00e9s se forma un fieltro gris-viol\u00e1ceo en el que se producen las esporas del hongo. Posteriormente estas manchas se necrosan, tomando aspecto apergaminado. Los peciolos permanecen verdes, sosteniendo a las hojas secas completamente, pero unidas al tallo.\u00a0El <strong>potencial de esporulaci\u00f3n<\/strong> es m\u00e1s elevado en lesiones clor\u00f3ticas, siendo despreciable en las necr\u00f3ticas.\u00a0<strong>Medidas preventivas y culturales<\/strong><br \/><\/br> &#8211; Utilizar semillas sanas. En el caso de que lo requieran, deber\u00e1n tener el Pasaporte Fitosanitario, adem\u00e1s de estar registradas. El envase etiquetado debe conservarse durante un a\u00f1o.<br \/><\/br> &#8211; Utilizar material vegetal sano procedente de viveros o semilleros autorizados. El Pasaporte Fitosanitario debe conservarse durante un a\u00f1o.<br \/><\/br> &#8211; No asociar cultivos en la misma parcela.<br \/><\/br> &#8211; No abandonar los cultivos al final del ciclo.<br \/><\/br> &#8211; Retirar y destruir los \u00f3rganos da\u00f1ados.<br \/><\/br> &#8211; Distanciar en el tiempo la realizaci\u00f3n de la nueva plantaci\u00f3n.<br \/><\/br> &#8211; Usar variedades resistentes o tolerantes, cuando existan.<br \/><\/br> &#8211; Marco de plantaci\u00f3n lo m\u00e1s amplio posible (siempre que no incida \u00e9ste sobre la producci\u00f3n y rentabilidad del cultivo).<br \/><\/br> &#8211; Manejar de forma adecuada la ventilaci\u00f3n y el riego con objeto de reducir la humedad.<br \/><\/br> &#8211; Evitar la presencia de agua libre sobre el cultivo.<br \/><\/br> &#8211; Abonar de forma equilibrada para evitar exceso de vigor y de abono nitrogenado.<br \/><\/br> &#8211; Realizar rotaciones de cultivos.<br \/><\/br> &#8211; Evitar el exceso de &#8216;follaje&#8217; en la planta.<br \/><\/br> &#8211; Retirar y destruir los restos de poda.<br \/><\/br> &#8211; En caso de que utilizar semillas para ensayos, \u00e9stas deben estar perfectamente identificadas y conservar la documentaci\u00f3n durante un a\u00f1o<br \/><\/br><strong>Criterios de intervenci\u00f3n<\/strong><br \/><\/br> \u00a0&#8211; Intervenir cuando existan plantas con s\u00edntomas y cuando las condiciones sean favorables para su desarrollo. <br \/><\/br> &#8211; En parcelas con antecedentes de la enfermedad, podr\u00e1n realizarse tratamientos preventivos fijando \u00e9pocas de riesgo en funci\u00f3n de la evoluci\u00f3n de las condiciones clim\u00e1ticas y el estado de desarrollo de la planta.<br \/><\/br><strong>El criterio de intervenci\u00f3n aqu\u00ed recogido es orientativo. Los ajustes o modificaciones de \u00e9ste deben ser realizados por el T\u00e9cnico responsable de la explotaci\u00f3n, bajo cuya responsabilidad debe aplicarse el control de la plaga. <\/strong>\u00a0<strong>Control con productos fitosanitarios<\/strong><br \/><\/br> \u00a0El <strong>Registro Oficial de Productos Fitosanitarios<\/strong> limita el uso de cada producto fitosanitario a determinados cultivos y plagas \/ enfermedades sobre los que se han realizado los estudios pertinentes que garantizan que su aplicaci\u00f3n (siguiendo las instrucciones de uso expuestas en la etiqueta de cada producto) minimiza los riesgos y garantiza su eficacia.\u00a0&#8211; Plazo de seguridad. <br \/><\/br> &#8211; Usar las dosis y t\u00e9cnicas autorizadas (pulverizaci\u00f3n normal, espolvoreo, etc&#8230;). <br \/><\/br> &#8211; Recomendaciones en casos de intoxicaci\u00f3n o accidente. <br \/><\/br> &#8211; Seguir medidas preventivas seg\u00fan la clasificaci\u00f3n toxicol\u00f3gica y ecotoxicol\u00f3gica del producto. <br \/><\/br> &#8211; Limpieza y eliminaci\u00f3n de envases vac\u00edos seg\u00fan la recomendaci\u00f3n del fabricante. <br \/><\/br> &#8211; Uso s\u00f3lo en el cultivo para el que est\u00e9 expresamente autorizado.<br \/><\/br><strong>Consejos para un control eficaz<\/strong><br \/><\/br> \u00a0&#8211; La t\u00e9cnica de aplicaci\u00f3n debe permitir alcanzar bien el env\u00e9s de las hojas, procurando una buena cubrici\u00f3n de \u00e9stas en todas las plantas. Para las aplicaciones en pulverizaci\u00f3n es aconsejable la utilizaci\u00f3n de mojantes.<br \/><\/br> &#8211; Aplicar la dosis correcta para evitar la aparici\u00f3n de resistencias o p\u00e9rdida de eficacia de la aplicaci\u00f3n.<br \/><\/br> &#8211; Al realizar la aplicaci\u00f3n, tratar de llegar a los tallos y hojas bajas de la planta. <br \/><\/br> &#8211; Tener en cuenta en la elecci\u00f3n del fungicida a utilizar el efecto fitot\u00f3xico de algunas formulaciones sobre cucurbit\u00e1ceas.\u00a0\u00a0<\/p>\n<tbody>\n<tr>\n<td>\n<p><img decoding=\"async\" alt=\"Mancha de mildiu en hoja de pepino\" id=\"iimg_-575702060\" src=\"https:\/\/www.juntadeandalucia.es\/export\/cdn-micrositios\/documents\/71753\/76262\/Mancha_de_mildiu_en_hoja_de_pepino.jpg\/c6397b78-281f-4eba-8826-1fe3ed6ec307?t=1505998653000\"><\/img><\/p>\n<\/td>\n<\/tr>\n<tr>\n<td>\n<p><strong>Mancha de Mildiu en Hojas de pepino.<\/strong><\/p>\n<\/td>\n<\/tr>\n<\/tbody>\n<\/div>\n","protected":false},"excerpt":{"rendered":"<p>A partir de ahora las condiciones meteorol\u00f3gicas son cada vez m\u00e1s id\u00f3neas para el desarrollo del mildiu de las cucurbit\u00e1ceas (Pseudoperonospora cubensis), temperaturas suaves (15 a 25\u00baC) y humedades muy altas (80-90%). La presencia de agua libre sobre las hojas es imprescindible para la infecci\u00f3n.\u00a0Da\u00f1os directos \u00a0La enfermedad se manifiesta s\u00f3lo en hojas, observ\u00e1ndose tanto&hellip;<\/p>\n","protected":false},"author":1,"featured_media":53497,"comment_status":"open","ping_status":"open","sticky":false,"template":"","format":"standard","meta":{"footnotes":""},"categories":[234,247],"tags":[],"class_list":["post-20547","post","type-post","status-publish","format-standard","has-post-thumbnail","category-234","category-actualidad-fitosanitaria"],"yoast_head":"<!-- This site is optimized with the Yoast SEO plugin v26.1.1 - https:\/\/yoast.com\/wordpress\/plugins\/seo\/ -->\n<title>Condiciones id\u00f3neas para el desarrollo del mildiu de las cucurbit\u00e1cas. - RAIF<\/title>\n<meta name=\"robots\" content=\"index, follow, max-snippet:-1, max-image-preview:large, max-video-preview:-1\" \/>\n<link rel=\"canonical\" href=\"https:\/\/pd-web-wp-raif.apps.paas-pro.junta-andalucia.es\/condiciones-idoneas-para-el-desarrollo-del-mildiu-de-las-cucurbitacas\/\" \/>\n<meta property=\"og:locale\" content=\"es_ES\" \/>\n<meta property=\"og:type\" content=\"article\" \/>\n<meta property=\"og:title\" content=\"Condiciones id\u00f3neas para el desarrollo del mildiu de las cucurbit\u00e1cas. - RAIF\" \/>\n<meta property=\"og:description\" content=\"A partir de ahora las condiciones meteorol\u00f3gicas son cada vez m\u00e1s id\u00f3neas para el desarrollo del mildiu de las cucurbit\u00e1ceas (Pseudoperonospora cubensis), temperaturas suaves (15 a 25\u00baC) y humedades muy altas (80-90%). La presencia de agua libre sobre las hojas es imprescindible para la infecci\u00f3n.\u00a0Da\u00f1os directos \u00a0La enfermedad se manifiesta s\u00f3lo en hojas, observ\u00e1ndose tanto&hellip;\" \/>\n<meta property=\"og:url\" content=\"https:\/\/pd-web-wp-raif.apps.paas-pro.junta-andalucia.es\/condiciones-idoneas-para-el-desarrollo-del-mildiu-de-las-cucurbitacas\/\" \/>\n<meta property=\"og:site_name\" content=\"RAIF\" \/>\n<meta property=\"article:published_time\" content=\"2022-05-26T23:17:54+00:00\" \/>\n<meta property=\"article:modified_time\" content=\"2022-09-29T07:49:51+00:00\" \/>\n<meta property=\"og:image\" content=\"https:\/\/pd-web-wp-raif.apps.paas-pro.junta-andalucia.es\/wp-content\/uploads\/2022\/10\/condiciones-idoneas-para-el-desarrollo-del-mildiu-de-las-cucurbitacas.jpg\" \/>\n\t<meta property=\"og:image:width\" content=\"1110\" \/>\n\t<meta property=\"og:image:height\" content=\"694\" \/>\n\t<meta property=\"og:image:type\" content=\"image\/jpeg\" \/>\n<meta name=\"author\" content=\"admin@raif\" \/>\n<meta name=\"twitter:card\" content=\"summary_large_image\" \/>\n<meta name=\"twitter:label1\" content=\"Escrito por\" \/>\n\t<meta name=\"twitter:data1\" content=\"admin@raif\" \/>\n\t<meta name=\"twitter:label2\" content=\"Tiempo de lectura\" \/>\n\t<meta name=\"twitter:data2\" content=\"3 minutos\" \/>\n<script type=\"application\/ld+json\" class=\"yoast-schema-graph\">{\"@context\":\"https:\/\/schema.org\",\"@graph\":[{\"@type\":\"WebPage\",\"@id\":\"https:\/\/pd-web-wp-raif.apps.paas-pro.junta-andalucia.es\/condiciones-idoneas-para-el-desarrollo-del-mildiu-de-las-cucurbitacas\/\",\"url\":\"https:\/\/pd-web-wp-raif.apps.paas-pro.junta-andalucia.es\/condiciones-idoneas-para-el-desarrollo-del-mildiu-de-las-cucurbitacas\/\",\"name\":\"Condiciones id\u00f3neas para el desarrollo del mildiu de las cucurbit\u00e1cas. - RAIF\",\"isPartOf\":{\"@id\":\"https:\/\/pd-web-wp-raif.apps.paas-pro.junta-andalucia.es\/#website\"},\"primaryImageOfPage\":{\"@id\":\"https:\/\/pd-web-wp-raif.apps.paas-pro.junta-andalucia.es\/condiciones-idoneas-para-el-desarrollo-del-mildiu-de-las-cucurbitacas\/#primaryimage\"},\"image\":{\"@id\":\"https:\/\/pd-web-wp-raif.apps.paas-pro.junta-andalucia.es\/condiciones-idoneas-para-el-desarrollo-del-mildiu-de-las-cucurbitacas\/#primaryimage\"},\"thumbnailUrl\":\"https:\/\/pd-web-wp-raif.apps.paas-pro.junta-andalucia.es\/wp-content\/uploads\/2022\/10\/condiciones-idoneas-para-el-desarrollo-del-mildiu-de-las-cucurbitacas.jpg\",\"datePublished\":\"2022-05-26T23:17:54+00:00\",\"dateModified\":\"2022-09-29T07:49:51+00:00\",\"author\":{\"@id\":\"https:\/\/pd-web-wp-raif.apps.paas-pro.junta-andalucia.es\/#\/schema\/person\/227a8fc3747323ffbba1c06e07632169\"},\"breadcrumb\":{\"@id\":\"https:\/\/pd-web-wp-raif.apps.paas-pro.junta-andalucia.es\/condiciones-idoneas-para-el-desarrollo-del-mildiu-de-las-cucurbitacas\/#breadcrumb\"},\"inLanguage\":\"es\",\"potentialAction\":[{\"@type\":\"ReadAction\",\"target\":[\"https:\/\/pd-web-wp-raif.apps.paas-pro.junta-andalucia.es\/condiciones-idoneas-para-el-desarrollo-del-mildiu-de-las-cucurbitacas\/\"]}]},{\"@type\":\"ImageObject\",\"inLanguage\":\"es\",\"@id\":\"https:\/\/pd-web-wp-raif.apps.paas-pro.junta-andalucia.es\/condiciones-idoneas-para-el-desarrollo-del-mildiu-de-las-cucurbitacas\/#primaryimage\",\"url\":\"https:\/\/pd-web-wp-raif.apps.paas-pro.junta-andalucia.es\/wp-content\/uploads\/2022\/10\/condiciones-idoneas-para-el-desarrollo-del-mildiu-de-las-cucurbitacas.jpg\",\"contentUrl\":\"https:\/\/pd-web-wp-raif.apps.paas-pro.junta-andalucia.es\/wp-content\/uploads\/2022\/10\/condiciones-idoneas-para-el-desarrollo-del-mildiu-de-las-cucurbitacas.jpg\",\"width\":1110,\"height\":694},{\"@type\":\"BreadcrumbList\",\"@id\":\"https:\/\/pd-web-wp-raif.apps.paas-pro.junta-andalucia.es\/condiciones-idoneas-para-el-desarrollo-del-mildiu-de-las-cucurbitacas\/#breadcrumb\",\"itemListElement\":[{\"@type\":\"ListItem\",\"position\":1,\"name\":\"Portada\",\"item\":\"https:\/\/pd-web-wp-raif.apps.paas-pro.junta-andalucia.es\/\"},{\"@type\":\"ListItem\",\"position\":2,\"name\":\"Condiciones id\u00f3neas para el desarrollo del mildiu de las cucurbit\u00e1cas.\"}]},{\"@type\":\"WebSite\",\"@id\":\"https:\/\/pd-web-wp-raif.apps.paas-pro.junta-andalucia.es\/#website\",\"url\":\"https:\/\/pd-web-wp-raif.apps.paas-pro.junta-andalucia.es\/\",\"name\":\"RAIF\",\"description\":\"Red de alerta e informaci\u00f3n fitosanitaria de Andaluc\u00eda\",\"potentialAction\":[{\"@type\":\"SearchAction\",\"target\":{\"@type\":\"EntryPoint\",\"urlTemplate\":\"https:\/\/pd-web-wp-raif.apps.paas-pro.junta-andalucia.es\/?s={search_term_string}\"},\"query-input\":{\"@type\":\"PropertyValueSpecification\",\"valueRequired\":true,\"valueName\":\"search_term_string\"}}],\"inLanguage\":\"es\"},{\"@type\":\"Person\",\"@id\":\"https:\/\/pd-web-wp-raif.apps.paas-pro.junta-andalucia.es\/#\/schema\/person\/227a8fc3747323ffbba1c06e07632169\",\"name\":\"admin@raif\",\"image\":{\"@type\":\"ImageObject\",\"inLanguage\":\"es\",\"@id\":\"https:\/\/pd-web-wp-raif.apps.paas-pro.junta-andalucia.es\/#\/schema\/person\/image\/\",\"url\":\"https:\/\/secure.gravatar.com\/avatar\/138bc89f6717f7d5d03862c0606136b0dc8930a0ff9e539442256a405b0153bc?s=96&d=mm&r=g\",\"contentUrl\":\"https:\/\/secure.gravatar.com\/avatar\/138bc89f6717f7d5d03862c0606136b0dc8930a0ff9e539442256a405b0153bc?s=96&d=mm&r=g\",\"caption\":\"admin@raif\"},\"sameAs\":[\"http:\/\/pd-web-wp-raif.apps.paas-pro.junta-andalucia.es\"],\"url\":\"https:\/\/pd-web-wp-raif.apps.paas-pro.junta-andalucia.es\/author\/adminraif\/\"}]}<\/script>\n<!-- \/ Yoast SEO plugin. -->","yoast_head_json":{"title":"Condiciones id\u00f3neas para el desarrollo del mildiu de las cucurbit\u00e1cas. - RAIF","robots":{"index":"index","follow":"follow","max-snippet":"max-snippet:-1","max-image-preview":"max-image-preview:large","max-video-preview":"max-video-preview:-1"},"canonical":"https:\/\/pd-web-wp-raif.apps.paas-pro.junta-andalucia.es\/condiciones-idoneas-para-el-desarrollo-del-mildiu-de-las-cucurbitacas\/","og_locale":"es_ES","og_type":"article","og_title":"Condiciones id\u00f3neas para el desarrollo del mildiu de las cucurbit\u00e1cas. - RAIF","og_description":"A partir de ahora las condiciones meteorol\u00f3gicas son cada vez m\u00e1s id\u00f3neas para el desarrollo del mildiu de las cucurbit\u00e1ceas (Pseudoperonospora cubensis), temperaturas suaves (15 a 25\u00baC) y humedades muy altas (80-90%). La presencia de agua libre sobre las hojas es imprescindible para la infecci\u00f3n.\u00a0Da\u00f1os directos \u00a0La enfermedad se manifiesta s\u00f3lo en hojas, observ\u00e1ndose tanto&hellip;","og_url":"https:\/\/pd-web-wp-raif.apps.paas-pro.junta-andalucia.es\/condiciones-idoneas-para-el-desarrollo-del-mildiu-de-las-cucurbitacas\/","og_site_name":"RAIF","article_published_time":"2022-05-26T23:17:54+00:00","article_modified_time":"2022-09-29T07:49:51+00:00","og_image":[{"width":1110,"height":694,"url":"https:\/\/pd-web-wp-raif.apps.paas-pro.junta-andalucia.es\/wp-content\/uploads\/2022\/10\/condiciones-idoneas-para-el-desarrollo-del-mildiu-de-las-cucurbitacas.jpg","type":"image\/jpeg"}],"author":"admin@raif","twitter_card":"summary_large_image","twitter_misc":{"Escrito por":"admin@raif","Tiempo de lectura":"3 minutos"},"schema":{"@context":"https:\/\/schema.org","@graph":[{"@type":"WebPage","@id":"https:\/\/pd-web-wp-raif.apps.paas-pro.junta-andalucia.es\/condiciones-idoneas-para-el-desarrollo-del-mildiu-de-las-cucurbitacas\/","url":"https:\/\/pd-web-wp-raif.apps.paas-pro.junta-andalucia.es\/condiciones-idoneas-para-el-desarrollo-del-mildiu-de-las-cucurbitacas\/","name":"Condiciones id\u00f3neas para el desarrollo del mildiu de las cucurbit\u00e1cas. - RAIF","isPartOf":{"@id":"https:\/\/pd-web-wp-raif.apps.paas-pro.junta-andalucia.es\/#website"},"primaryImageOfPage":{"@id":"https:\/\/pd-web-wp-raif.apps.paas-pro.junta-andalucia.es\/condiciones-idoneas-para-el-desarrollo-del-mildiu-de-las-cucurbitacas\/#primaryimage"},"image":{"@id":"https:\/\/pd-web-wp-raif.apps.paas-pro.junta-andalucia.es\/condiciones-idoneas-para-el-desarrollo-del-mildiu-de-las-cucurbitacas\/#primaryimage"},"thumbnailUrl":"https:\/\/pd-web-wp-raif.apps.paas-pro.junta-andalucia.es\/wp-content\/uploads\/2022\/10\/condiciones-idoneas-para-el-desarrollo-del-mildiu-de-las-cucurbitacas.jpg","datePublished":"2022-05-26T23:17:54+00:00","dateModified":"2022-09-29T07:49:51+00:00","author":{"@id":"https:\/\/pd-web-wp-raif.apps.paas-pro.junta-andalucia.es\/#\/schema\/person\/227a8fc3747323ffbba1c06e07632169"},"breadcrumb":{"@id":"https:\/\/pd-web-wp-raif.apps.paas-pro.junta-andalucia.es\/condiciones-idoneas-para-el-desarrollo-del-mildiu-de-las-cucurbitacas\/#breadcrumb"},"inLanguage":"es","potentialAction":[{"@type":"ReadAction","target":["https:\/\/pd-web-wp-raif.apps.paas-pro.junta-andalucia.es\/condiciones-idoneas-para-el-desarrollo-del-mildiu-de-las-cucurbitacas\/"]}]},{"@type":"ImageObject","inLanguage":"es","@id":"https:\/\/pd-web-wp-raif.apps.paas-pro.junta-andalucia.es\/condiciones-idoneas-para-el-desarrollo-del-mildiu-de-las-cucurbitacas\/#primaryimage","url":"https:\/\/pd-web-wp-raif.apps.paas-pro.junta-andalucia.es\/wp-content\/uploads\/2022\/10\/condiciones-idoneas-para-el-desarrollo-del-mildiu-de-las-cucurbitacas.jpg","contentUrl":"https:\/\/pd-web-wp-raif.apps.paas-pro.junta-andalucia.es\/wp-content\/uploads\/2022\/10\/condiciones-idoneas-para-el-desarrollo-del-mildiu-de-las-cucurbitacas.jpg","width":1110,"height":694},{"@type":"BreadcrumbList","@id":"https:\/\/pd-web-wp-raif.apps.paas-pro.junta-andalucia.es\/condiciones-idoneas-para-el-desarrollo-del-mildiu-de-las-cucurbitacas\/#breadcrumb","itemListElement":[{"@type":"ListItem","position":1,"name":"Portada","item":"https:\/\/pd-web-wp-raif.apps.paas-pro.junta-andalucia.es\/"},{"@type":"ListItem","position":2,"name":"Condiciones id\u00f3neas para el desarrollo del mildiu de las cucurbit\u00e1cas."}]},{"@type":"WebSite","@id":"https:\/\/pd-web-wp-raif.apps.paas-pro.junta-andalucia.es\/#website","url":"https:\/\/pd-web-wp-raif.apps.paas-pro.junta-andalucia.es\/","name":"RAIF","description":"Red de alerta e informaci\u00f3n fitosanitaria de Andaluc\u00eda","potentialAction":[{"@type":"SearchAction","target":{"@type":"EntryPoint","urlTemplate":"https:\/\/pd-web-wp-raif.apps.paas-pro.junta-andalucia.es\/?s={search_term_string}"},"query-input":{"@type":"PropertyValueSpecification","valueRequired":true,"valueName":"search_term_string"}}],"inLanguage":"es"},{"@type":"Person","@id":"https:\/\/pd-web-wp-raif.apps.paas-pro.junta-andalucia.es\/#\/schema\/person\/227a8fc3747323ffbba1c06e07632169","name":"admin@raif","image":{"@type":"ImageObject","inLanguage":"es","@id":"https:\/\/pd-web-wp-raif.apps.paas-pro.junta-andalucia.es\/#\/schema\/person\/image\/","url":"https:\/\/secure.gravatar.com\/avatar\/138bc89f6717f7d5d03862c0606136b0dc8930a0ff9e539442256a405b0153bc?s=96&d=mm&r=g","contentUrl":"https:\/\/secure.gravatar.com\/avatar\/138bc89f6717f7d5d03862c0606136b0dc8930a0ff9e539442256a405b0153bc?s=96&d=mm&r=g","caption":"admin@raif"},"sameAs":["http:\/\/pd-web-wp-raif.apps.paas-pro.junta-andalucia.es"],"url":"https:\/\/pd-web-wp-raif.apps.paas-pro.junta-andalucia.es\/author\/adminraif\/"}]}},"_links":{"self":[{"href":"https:\/\/pd-web-wp-raif.apps.paas-pro.junta-andalucia.es\/api\/wp\/v2\/posts\/20547","targetHints":{"allow":["GET"]}}],"collection":[{"href":"https:\/\/pd-web-wp-raif.apps.paas-pro.junta-andalucia.es\/api\/wp\/v2\/posts"}],"about":[{"href":"https:\/\/pd-web-wp-raif.apps.paas-pro.junta-andalucia.es\/api\/wp\/v2\/types\/post"}],"author":[{"embeddable":true,"href":"https:\/\/pd-web-wp-raif.apps.paas-pro.junta-andalucia.es\/api\/wp\/v2\/users\/1"}],"replies":[{"embeddable":true,"href":"https:\/\/pd-web-wp-raif.apps.paas-pro.junta-andalucia.es\/api\/wp\/v2\/comments?post=20547"}],"version-history":[{"count":1,"href":"https:\/\/pd-web-wp-raif.apps.paas-pro.junta-andalucia.es\/api\/wp\/v2\/posts\/20547\/revisions"}],"predecessor-version":[{"id":25417,"href":"https:\/\/pd-web-wp-raif.apps.paas-pro.junta-andalucia.es\/api\/wp\/v2\/posts\/20547\/revisions\/25417"}],"wp:featuredmedia":[{"embeddable":true,"href":"https:\/\/pd-web-wp-raif.apps.paas-pro.junta-andalucia.es\/api\/wp\/v2\/media\/53497"}],"wp:attachment":[{"href":"https:\/\/pd-web-wp-raif.apps.paas-pro.junta-andalucia.es\/api\/wp\/v2\/media?parent=20547"}],"wp:term":[{"taxonomy":"category","embeddable":true,"href":"https:\/\/pd-web-wp-raif.apps.paas-pro.junta-andalucia.es\/api\/wp\/v2\/categories?post=20547"},{"taxonomy":"post_tag","embeddable":true,"href":"https:\/\/pd-web-wp-raif.apps.paas-pro.junta-andalucia.es\/api\/wp\/v2\/tags?post=20547"}],"curies":[{"name":"wp","href":"https:\/\/api.w.org\/{rel}","templated":true}]}}