{"id":21047,"date":"2013-10-01T00:00:00","date_gmt":"2013-01-10T00:00:00","guid":{"rendered":"http:\/\/pd-web-wp-raif.apps.paas-pro.junta-andalucia.es\/2013\/01\/10\/horticolas-chinche-del-algodon-creontiades-pallidus-2\/"},"modified":"2022-10-10T15:49:44","modified_gmt":"2022-10-10T13:49:44","slug":"horticolas-chinche-del-algodon-creontiades-pallidus-2","status":"publish","type":"post","link":"https:\/\/pd-web-wp-raif.apps.paas-pro.junta-andalucia.es\/horticolas-chinche-del-algodon-creontiades-pallidus-2\/","title":{"rendered":"Hort\u00edcolas: Chinche del algod\u00f3n (Creontiades pallidus."},"content":{"rendered":"<div>\n<p><em>01\/10\/2013<\/em><\/p>\n<p>Este m\u00edrido, en el grupo de las hort\u00edcolas, afecta principalmente a <strong>pimiento<\/strong> y en menor medida a <strong>berenjena<\/strong>.<\/p>\n<p> Es una especie omn\u00edvora, es decir, mientras pueda alimentarse de peque\u00f1os insectos como mosca blanca lo har\u00e1, pero si su poblaci\u00f3n crece demasiado es cuando afecta al cultivo.<\/p>\n<p> En estos momentos se puede observar en la mayor\u00eda de los <strong>invernaderos de pimiento<\/strong> en las <strong>zonas costeras de la provincia de Almer\u00eda<\/strong>.<\/p>\n<p><\/br><strong>Da\u00f1os<\/strong><\/p>\n<div>\n<p> Producen decoloraci\u00f3n y deformaciones en los frutos a causa de las picaduras.<\/p>\n<\/div>\n<p><strong>Medidas preventivas y culturales<\/strong><\/p>\n<p><strong>&#8211; <\/strong>En invernaderos, colocar mallas (m\u00ednimo 10&#215;20 hilos\/cm2) en las aberturas laterales, cenitales y puertas, y vigilar y controlar el estado de las mismas, sobre todo de las que coinciden con la direcci\u00f3n de los vientos dominantes.<\/p>\n<p><strong>&#8211; <\/strong>En invernaderos, vigilar que no haya roturas en los pl\u00e1sticos.<\/p>\n<p><strong>&#8211; <\/strong>Eliminar las malas hierbas y restos de cultivos, ya que pueden actuar como reservorio de la plaga.<\/p>\n<p><strong>&#8211; <\/strong>Utilizar material vegetal sano procedente de viveros o semilleros autorizados. El Pasaporte Fitosanitario debe conservarse durante un a\u00f1o.<\/p>\n<p><strong>&#8211; <\/strong>Usar trampas cromotr\u00f3picas adhesivas amarillas desde el inicio del cultivo.<\/p>\n<p><strong>&#8211; <\/strong>No asociar cultivos en la misma parcela.<\/p>\n<p><strong>&#8211; <\/strong>No abandonar los cultivos al final del ciclo.<\/p>\n<p><strong>&#8211; <\/strong>En invernaderos, colocar en las entradas doble puerta, o puerta y malla de igual densidad a la exterior (m\u00ednimo 10&#215;20 hilos\/cm2).<\/p>\n<p><strong>&#8211; <\/strong>Distanciar en el tiempo la realizaci\u00f3n de la nueva plantaci\u00f3n.<\/p>\n<p><strong>&#8211; <\/strong>Abonar de forma equilibrada para evitar exceso de vigor. Evitar exceso de abono nitrogenado.<\/p>\n<p><strong>&#8211; <\/strong>Realizar rotaciones de cultivos.<\/p>\n<p><strong>&#8211; <\/strong>Si se desea aplicar esti\u00e9rcol, asegurarse de que est\u00e1 bien fermentado y exento de plagas.<\/p>\n<p><strong>&#8211; <\/strong>Favorecer la proliferaci\u00f3n de poblaciones de insectos auxiliares, racionalizando el uso de productos fitosanitarios.<\/p>\n<p><strong>&#8211; <\/strong>Realizar podas de limpieza peri\u00f3dicas.<\/p>\n<tbody>\n<tr>\n<td>\n<p><img decoding=\"async\" alt=\"creontiades en flor de pimiento\" id=\"iimg_-1210794840\" src=\"https:\/\/www.juntadeandalucia.es\/export\/cdn-micrositios\/documents\/71753\/74044\/creontiades_en_flor_de_pimiento.JPG\/2d779877-34c5-404f-85f5-76b04fc05def?t=1505998664000\"><\/img><\/p>\n<\/td>\n<td>\u00a0<\/td>\n<td><img decoding=\"async\" alt=\"frutos con picaduras producidas por creontiades\" id=\"iimg_-1229065759\" src=\"https:\/\/www.juntadeandalucia.es\/export\/cdn-micrositios\/documents\/71753\/74044\/frutos_con_picaduras_producidas_por_creontiades.JPG\/433383ac-199a-4260-8bc6-b88bd9cf5851?t=1505998664000\"><\/img><\/td>\n<\/tr>\n<\/tbody>\n<p><em><strong>\u00a0\u00a0\u00a0\u00a0\u00a0\u00a0\u00a0\u00a0\u00a0\u00a0\u00a0 Creontiades<\/strong><\/em><strong> en flor de pimiento \u00a0 \u00a0 \u00a0 \u00a0 \u00a0 \u00a0 \u00a0 Frutos con picaduras producidas por <\/strong><em><strong>Creontiades<\/strong><\/em>\u00a0\u00a0\u00a0\u00a0\u00a0\u00a0\u00a0\u00a0\u00a0\u00a0\u00a0\u00a0\u00a0\u00a0 <\/p>\n<\/div>\n","protected":false},"excerpt":{"rendered":"<p>01\/10\/2013 Este m\u00edrido, en el grupo de las hort\u00edcolas, afecta principalmente a pimiento y en menor medida a berenjena. Es una especie omn\u00edvora, es decir, mientras pueda alimentarse de peque\u00f1os insectos como mosca blanca lo har\u00e1, pero si su poblaci\u00f3n crece demasiado es cuando afecta al cultivo. En estos momentos se puede observar en la&hellip;<\/p>\n","protected":false},"author":1,"featured_media":21048,"comment_status":"open","ping_status":"open","sticky":false,"template":"","format":"standard","meta":{"footnotes":""},"categories":[247,1],"tags":[],"class_list":["post-21047","post","type-post","status-publish","format-standard","has-post-thumbnail","category-actualidad-fitosanitaria","category-sin-categoria"],"yoast_head":"<!-- This site is optimized with the Yoast SEO plugin v26.1.1 - https:\/\/yoast.com\/wordpress\/plugins\/seo\/ -->\n<title>Hort\u00edcolas: Chinche del algod\u00f3n (Creontiades pallidus. - RAIF<\/title>\n<meta name=\"robots\" content=\"index, follow, max-snippet:-1, max-image-preview:large, max-video-preview:-1\" \/>\n<link rel=\"canonical\" href=\"https:\/\/pd-web-wp-raif.apps.paas-pro.junta-andalucia.es\/horticolas-chinche-del-algodon-creontiades-pallidus-2\/\" \/>\n<meta property=\"og:locale\" content=\"es_ES\" \/>\n<meta property=\"og:type\" content=\"article\" \/>\n<meta property=\"og:title\" content=\"Hort\u00edcolas: Chinche del algod\u00f3n (Creontiades pallidus. - RAIF\" \/>\n<meta property=\"og:description\" content=\"01\/10\/2013 Este m\u00edrido, en el grupo de las hort\u00edcolas, afecta principalmente a pimiento y en menor medida a berenjena. Es una especie omn\u00edvora, es decir, mientras pueda alimentarse de peque\u00f1os insectos como mosca blanca lo har\u00e1, pero si su poblaci\u00f3n crece demasiado es cuando afecta al cultivo. En estos momentos se puede observar en la&hellip;\" \/>\n<meta property=\"og:url\" content=\"https:\/\/pd-web-wp-raif.apps.paas-pro.junta-andalucia.es\/horticolas-chinche-del-algodon-creontiades-pallidus-2\/\" \/>\n<meta property=\"og:site_name\" content=\"RAIF\" \/>\n<meta property=\"article:published_time\" content=\"2013-01-10T00:00:00+00:00\" \/>\n<meta property=\"article:modified_time\" content=\"2022-10-10T13:49:44+00:00\" \/>\n<meta property=\"og:image\" content=\"https:\/\/pd-web-wp-raif.apps.paas-pro.junta-andalucia.es\/wp-content\/uploads\/2022\/05\/21047-2d779877-34c5-404f-85f5-76b04fc05def.jpg\" \/>\n\t<meta property=\"og:image:width\" content=\"568\" \/>\n\t<meta property=\"og:image:height\" content=\"438\" \/>\n\t<meta property=\"og:image:type\" content=\"image\/jpeg\" \/>\n<meta name=\"author\" content=\"admin@raif\" \/>\n<meta name=\"twitter:card\" content=\"summary_large_image\" \/>\n<meta name=\"twitter:label1\" content=\"Escrito por\" \/>\n\t<meta name=\"twitter:data1\" content=\"admin@raif\" \/>\n\t<meta name=\"twitter:label2\" content=\"Tiempo de lectura\" \/>\n\t<meta name=\"twitter:data2\" content=\"2 minutos\" \/>\n<script type=\"application\/ld+json\" class=\"yoast-schema-graph\">{\"@context\":\"https:\/\/schema.org\",\"@graph\":[{\"@type\":\"WebPage\",\"@id\":\"https:\/\/pd-web-wp-raif.apps.paas-pro.junta-andalucia.es\/horticolas-chinche-del-algodon-creontiades-pallidus-2\/\",\"url\":\"https:\/\/pd-web-wp-raif.apps.paas-pro.junta-andalucia.es\/horticolas-chinche-del-algodon-creontiades-pallidus-2\/\",\"name\":\"Hort\u00edcolas: Chinche del algod\u00f3n (Creontiades pallidus. - RAIF\",\"isPartOf\":{\"@id\":\"https:\/\/pd-web-wp-raif.apps.paas-pro.junta-andalucia.es\/#website\"},\"primaryImageOfPage\":{\"@id\":\"https:\/\/pd-web-wp-raif.apps.paas-pro.junta-andalucia.es\/horticolas-chinche-del-algodon-creontiades-pallidus-2\/#primaryimage\"},\"image\":{\"@id\":\"https:\/\/pd-web-wp-raif.apps.paas-pro.junta-andalucia.es\/horticolas-chinche-del-algodon-creontiades-pallidus-2\/#primaryimage\"},\"thumbnailUrl\":\"https:\/\/pd-web-wp-raif.apps.paas-pro.junta-andalucia.es\/wp-content\/uploads\/2022\/05\/21047-2d779877-34c5-404f-85f5-76b04fc05def.jpg\",\"datePublished\":\"2013-01-10T00:00:00+00:00\",\"dateModified\":\"2022-10-10T13:49:44+00:00\",\"author\":{\"@id\":\"https:\/\/pd-web-wp-raif.apps.paas-pro.junta-andalucia.es\/#\/schema\/person\/227a8fc3747323ffbba1c06e07632169\"},\"breadcrumb\":{\"@id\":\"https:\/\/pd-web-wp-raif.apps.paas-pro.junta-andalucia.es\/horticolas-chinche-del-algodon-creontiades-pallidus-2\/#breadcrumb\"},\"inLanguage\":\"es\",\"potentialAction\":[{\"@type\":\"ReadAction\",\"target\":[\"https:\/\/pd-web-wp-raif.apps.paas-pro.junta-andalucia.es\/horticolas-chinche-del-algodon-creontiades-pallidus-2\/\"]}]},{\"@type\":\"ImageObject\",\"inLanguage\":\"es\",\"@id\":\"https:\/\/pd-web-wp-raif.apps.paas-pro.junta-andalucia.es\/horticolas-chinche-del-algodon-creontiades-pallidus-2\/#primaryimage\",\"url\":\"https:\/\/pd-web-wp-raif.apps.paas-pro.junta-andalucia.es\/wp-content\/uploads\/2022\/05\/21047-2d779877-34c5-404f-85f5-76b04fc05def.jpg\",\"contentUrl\":\"https:\/\/pd-web-wp-raif.apps.paas-pro.junta-andalucia.es\/wp-content\/uploads\/2022\/05\/21047-2d779877-34c5-404f-85f5-76b04fc05def.jpg\",\"width\":568,\"height\":438,\"caption\":\"Hort\u00edcolas: Chinche del algod\u00f3n (Creontiades pallidus.\"},{\"@type\":\"BreadcrumbList\",\"@id\":\"https:\/\/pd-web-wp-raif.apps.paas-pro.junta-andalucia.es\/horticolas-chinche-del-algodon-creontiades-pallidus-2\/#breadcrumb\",\"itemListElement\":[{\"@type\":\"ListItem\",\"position\":1,\"name\":\"Portada\",\"item\":\"https:\/\/pd-web-wp-raif.apps.paas-pro.junta-andalucia.es\/\"},{\"@type\":\"ListItem\",\"position\":2,\"name\":\"Hort\u00edcolas: Chinche del algod\u00f3n (Creontiades pallidus.\"}]},{\"@type\":\"WebSite\",\"@id\":\"https:\/\/pd-web-wp-raif.apps.paas-pro.junta-andalucia.es\/#website\",\"url\":\"https:\/\/pd-web-wp-raif.apps.paas-pro.junta-andalucia.es\/\",\"name\":\"RAIF\",\"description\":\"Red de alerta e informaci\u00f3n fitosanitaria de Andaluc\u00eda\",\"potentialAction\":[{\"@type\":\"SearchAction\",\"target\":{\"@type\":\"EntryPoint\",\"urlTemplate\":\"https:\/\/pd-web-wp-raif.apps.paas-pro.junta-andalucia.es\/?s={search_term_string}\"},\"query-input\":{\"@type\":\"PropertyValueSpecification\",\"valueRequired\":true,\"valueName\":\"search_term_string\"}}],\"inLanguage\":\"es\"},{\"@type\":\"Person\",\"@id\":\"https:\/\/pd-web-wp-raif.apps.paas-pro.junta-andalucia.es\/#\/schema\/person\/227a8fc3747323ffbba1c06e07632169\",\"name\":\"admin@raif\",\"image\":{\"@type\":\"ImageObject\",\"inLanguage\":\"es\",\"@id\":\"https:\/\/pd-web-wp-raif.apps.paas-pro.junta-andalucia.es\/#\/schema\/person\/image\/\",\"url\":\"https:\/\/secure.gravatar.com\/avatar\/138bc89f6717f7d5d03862c0606136b0dc8930a0ff9e539442256a405b0153bc?s=96&d=mm&r=g\",\"contentUrl\":\"https:\/\/secure.gravatar.com\/avatar\/138bc89f6717f7d5d03862c0606136b0dc8930a0ff9e539442256a405b0153bc?s=96&d=mm&r=g\",\"caption\":\"admin@raif\"},\"sameAs\":[\"http:\/\/pd-web-wp-raif.apps.paas-pro.junta-andalucia.es\"],\"url\":\"https:\/\/pd-web-wp-raif.apps.paas-pro.junta-andalucia.es\/author\/adminraif\/\"}]}<\/script>\n<!-- \/ Yoast SEO plugin. -->","yoast_head_json":{"title":"Hort\u00edcolas: Chinche del algod\u00f3n (Creontiades pallidus. - RAIF","robots":{"index":"index","follow":"follow","max-snippet":"max-snippet:-1","max-image-preview":"max-image-preview:large","max-video-preview":"max-video-preview:-1"},"canonical":"https:\/\/pd-web-wp-raif.apps.paas-pro.junta-andalucia.es\/horticolas-chinche-del-algodon-creontiades-pallidus-2\/","og_locale":"es_ES","og_type":"article","og_title":"Hort\u00edcolas: Chinche del algod\u00f3n (Creontiades pallidus. - RAIF","og_description":"01\/10\/2013 Este m\u00edrido, en el grupo de las hort\u00edcolas, afecta principalmente a pimiento y en menor medida a berenjena. Es una especie omn\u00edvora, es decir, mientras pueda alimentarse de peque\u00f1os insectos como mosca blanca lo har\u00e1, pero si su poblaci\u00f3n crece demasiado es cuando afecta al cultivo. En estos momentos se puede observar en la&hellip;","og_url":"https:\/\/pd-web-wp-raif.apps.paas-pro.junta-andalucia.es\/horticolas-chinche-del-algodon-creontiades-pallidus-2\/","og_site_name":"RAIF","article_published_time":"2013-01-10T00:00:00+00:00","article_modified_time":"2022-10-10T13:49:44+00:00","og_image":[{"width":568,"height":438,"url":"https:\/\/pd-web-wp-raif.apps.paas-pro.junta-andalucia.es\/wp-content\/uploads\/2022\/05\/21047-2d779877-34c5-404f-85f5-76b04fc05def.jpg","type":"image\/jpeg"}],"author":"admin@raif","twitter_card":"summary_large_image","twitter_misc":{"Escrito por":"admin@raif","Tiempo de lectura":"2 minutos"},"schema":{"@context":"https:\/\/schema.org","@graph":[{"@type":"WebPage","@id":"https:\/\/pd-web-wp-raif.apps.paas-pro.junta-andalucia.es\/horticolas-chinche-del-algodon-creontiades-pallidus-2\/","url":"https:\/\/pd-web-wp-raif.apps.paas-pro.junta-andalucia.es\/horticolas-chinche-del-algodon-creontiades-pallidus-2\/","name":"Hort\u00edcolas: Chinche del algod\u00f3n (Creontiades pallidus. - RAIF","isPartOf":{"@id":"https:\/\/pd-web-wp-raif.apps.paas-pro.junta-andalucia.es\/#website"},"primaryImageOfPage":{"@id":"https:\/\/pd-web-wp-raif.apps.paas-pro.junta-andalucia.es\/horticolas-chinche-del-algodon-creontiades-pallidus-2\/#primaryimage"},"image":{"@id":"https:\/\/pd-web-wp-raif.apps.paas-pro.junta-andalucia.es\/horticolas-chinche-del-algodon-creontiades-pallidus-2\/#primaryimage"},"thumbnailUrl":"https:\/\/pd-web-wp-raif.apps.paas-pro.junta-andalucia.es\/wp-content\/uploads\/2022\/05\/21047-2d779877-34c5-404f-85f5-76b04fc05def.jpg","datePublished":"2013-01-10T00:00:00+00:00","dateModified":"2022-10-10T13:49:44+00:00","author":{"@id":"https:\/\/pd-web-wp-raif.apps.paas-pro.junta-andalucia.es\/#\/schema\/person\/227a8fc3747323ffbba1c06e07632169"},"breadcrumb":{"@id":"https:\/\/pd-web-wp-raif.apps.paas-pro.junta-andalucia.es\/horticolas-chinche-del-algodon-creontiades-pallidus-2\/#breadcrumb"},"inLanguage":"es","potentialAction":[{"@type":"ReadAction","target":["https:\/\/pd-web-wp-raif.apps.paas-pro.junta-andalucia.es\/horticolas-chinche-del-algodon-creontiades-pallidus-2\/"]}]},{"@type":"ImageObject","inLanguage":"es","@id":"https:\/\/pd-web-wp-raif.apps.paas-pro.junta-andalucia.es\/horticolas-chinche-del-algodon-creontiades-pallidus-2\/#primaryimage","url":"https:\/\/pd-web-wp-raif.apps.paas-pro.junta-andalucia.es\/wp-content\/uploads\/2022\/05\/21047-2d779877-34c5-404f-85f5-76b04fc05def.jpg","contentUrl":"https:\/\/pd-web-wp-raif.apps.paas-pro.junta-andalucia.es\/wp-content\/uploads\/2022\/05\/21047-2d779877-34c5-404f-85f5-76b04fc05def.jpg","width":568,"height":438,"caption":"Hort\u00edcolas: Chinche del algod\u00f3n (Creontiades pallidus."},{"@type":"BreadcrumbList","@id":"https:\/\/pd-web-wp-raif.apps.paas-pro.junta-andalucia.es\/horticolas-chinche-del-algodon-creontiades-pallidus-2\/#breadcrumb","itemListElement":[{"@type":"ListItem","position":1,"name":"Portada","item":"https:\/\/pd-web-wp-raif.apps.paas-pro.junta-andalucia.es\/"},{"@type":"ListItem","position":2,"name":"Hort\u00edcolas: Chinche del algod\u00f3n (Creontiades pallidus."}]},{"@type":"WebSite","@id":"https:\/\/pd-web-wp-raif.apps.paas-pro.junta-andalucia.es\/#website","url":"https:\/\/pd-web-wp-raif.apps.paas-pro.junta-andalucia.es\/","name":"RAIF","description":"Red de alerta e informaci\u00f3n fitosanitaria de Andaluc\u00eda","potentialAction":[{"@type":"SearchAction","target":{"@type":"EntryPoint","urlTemplate":"https:\/\/pd-web-wp-raif.apps.paas-pro.junta-andalucia.es\/?s={search_term_string}"},"query-input":{"@type":"PropertyValueSpecification","valueRequired":true,"valueName":"search_term_string"}}],"inLanguage":"es"},{"@type":"Person","@id":"https:\/\/pd-web-wp-raif.apps.paas-pro.junta-andalucia.es\/#\/schema\/person\/227a8fc3747323ffbba1c06e07632169","name":"admin@raif","image":{"@type":"ImageObject","inLanguage":"es","@id":"https:\/\/pd-web-wp-raif.apps.paas-pro.junta-andalucia.es\/#\/schema\/person\/image\/","url":"https:\/\/secure.gravatar.com\/avatar\/138bc89f6717f7d5d03862c0606136b0dc8930a0ff9e539442256a405b0153bc?s=96&d=mm&r=g","contentUrl":"https:\/\/secure.gravatar.com\/avatar\/138bc89f6717f7d5d03862c0606136b0dc8930a0ff9e539442256a405b0153bc?s=96&d=mm&r=g","caption":"admin@raif"},"sameAs":["http:\/\/pd-web-wp-raif.apps.paas-pro.junta-andalucia.es"],"url":"https:\/\/pd-web-wp-raif.apps.paas-pro.junta-andalucia.es\/author\/adminraif\/"}]}},"_links":{"self":[{"href":"https:\/\/pd-web-wp-raif.apps.paas-pro.junta-andalucia.es\/api\/wp\/v2\/posts\/21047","targetHints":{"allow":["GET"]}}],"collection":[{"href":"https:\/\/pd-web-wp-raif.apps.paas-pro.junta-andalucia.es\/api\/wp\/v2\/posts"}],"about":[{"href":"https:\/\/pd-web-wp-raif.apps.paas-pro.junta-andalucia.es\/api\/wp\/v2\/types\/post"}],"author":[{"embeddable":true,"href":"https:\/\/pd-web-wp-raif.apps.paas-pro.junta-andalucia.es\/api\/wp\/v2\/users\/1"}],"replies":[{"embeddable":true,"href":"https:\/\/pd-web-wp-raif.apps.paas-pro.junta-andalucia.es\/api\/wp\/v2\/comments?post=21047"}],"version-history":[{"count":1,"href":"https:\/\/pd-web-wp-raif.apps.paas-pro.junta-andalucia.es\/api\/wp\/v2\/posts\/21047\/revisions"}],"predecessor-version":[{"id":23405,"href":"https:\/\/pd-web-wp-raif.apps.paas-pro.junta-andalucia.es\/api\/wp\/v2\/posts\/21047\/revisions\/23405"}],"wp:featuredmedia":[{"embeddable":true,"href":"https:\/\/pd-web-wp-raif.apps.paas-pro.junta-andalucia.es\/api\/wp\/v2\/media\/21048"}],"wp:attachment":[{"href":"https:\/\/pd-web-wp-raif.apps.paas-pro.junta-andalucia.es\/api\/wp\/v2\/media?parent=21047"}],"wp:term":[{"taxonomy":"category","embeddable":true,"href":"https:\/\/pd-web-wp-raif.apps.paas-pro.junta-andalucia.es\/api\/wp\/v2\/categories?post=21047"},{"taxonomy":"post_tag","embeddable":true,"href":"https:\/\/pd-web-wp-raif.apps.paas-pro.junta-andalucia.es\/api\/wp\/v2\/tags?post=21047"}],"curies":[{"name":"wp","href":"https:\/\/api.w.org\/{rel}","templated":true}]}}