{"id":75788,"date":"2026-05-11T08:14:45","date_gmt":"2026-05-11T06:14:45","guid":{"rendered":"https:\/\/pd-web-wp-raif.apps.paas-pro.junta-andalucia.es\/?p=75788"},"modified":"2026-05-11T08:15:55","modified_gmt":"2026-05-11T06:15:55","slug":"manejo-integrado-de-arana-roja-tetranychus-urticae-en-el-cultivo-del-algodon","status":"publish","type":"post","link":"https:\/\/pd-web-wp-raif.apps.paas-pro.junta-andalucia.es\/manejo-integrado-de-arana-roja-tetranychus-urticae-en-el-cultivo-del-algodon\/","title":{"rendered":"Manejo integrado de ara\u00f1a roja (Tetranychus urticae) en el cultivo del algod\u00f3n."},"content":{"rendered":"[vc_row type=&#8221;in_container&#8221; full_screen_row_position=&#8221;middle&#8221; column_margin=&#8221;default&#8221; column_direction=&#8221;default&#8221; column_direction_tablet=&#8221;default&#8221; column_direction_phone=&#8221;default&#8221; scene_position=&#8221;center&#8221; text_color=&#8221;dark&#8221; text_align=&#8221;left&#8221; row_border_radius=&#8221;none&#8221; row_border_radius_applies=&#8221;bg&#8221; overflow=&#8221;visible&#8221; overlay_strength=&#8221;0.3&#8243; gradient_direction=&#8221;left_to_right&#8221; shape_divider_position=&#8221;bottom&#8221; bg_image_animation=&#8221;none&#8221;][vc_column column_padding=&#8221;no-extra-padding&#8221; column_padding_tablet=&#8221;inherit&#8221; column_padding_phone=&#8221;inherit&#8221; column_padding_position=&#8221;all&#8221; column_element_spacing=&#8221;default&#8221; background_color_opacity=&#8221;1&#8243; background_hover_color_opacity=&#8221;1&#8243; column_shadow=&#8221;none&#8221; column_border_radius=&#8221;none&#8221; column_link_target=&#8221;_self&#8221; column_position=&#8221;default&#8221; gradient_direction=&#8221;left_to_right&#8221; overlay_strength=&#8221;0.3&#8243; width=&#8221;1\/1&#8243; tablet_width_inherit=&#8221;default&#8221; tablet_text_alignment=&#8221;default&#8221; phone_text_alignment=&#8221;default&#8221; animation_type=&#8221;default&#8221; bg_image_animation=&#8221;none&#8221; border_type=&#8221;simple&#8221; column_border_width=&#8221;none&#8221; column_border_style=&#8221;solid&#8221;][vc_column_text]<em>11\/05\/2026<\/em><\/p>\n<p>La ara\u00f1a roja (<em>Tetranychus urticae<\/em>) es una de las plagas m\u00e1s problem\u00e1ticas del algod\u00f3n en Andaluc\u00eda debido a su r\u00e1pida capacidad de multiplicaci\u00f3n, su comportamiento agregativo y su sensibilidad a los desequilibrios ecol\u00f3gicos generados por pr\u00e1cticas agron\u00f3micas o fitosanitarias inadecuadas. Esta plaga se desequilibra f\u00e1cilmente tanto por la muerte de sus enemigos naturales tras el empleo de insecticidas polivalentes, como por rebrotes producidos por el abuso de abonos nitrogenados, lo que obliga a implantar un manejo preventivo y basado en la gesti\u00f3n integrada de plagas.<\/p>\n<p>Su ciclo biol\u00f3gico, muy dependiente de la temperatura, permite que en verano complete generaciones en apenas doce d\u00edas, lo que explica la rapidez con la que puede colonizar una parcela si no se act\u00faa a tiempo. Adem\u00e1s, su tendencia a formar focos iniciales en lindes o zonas con vegetaci\u00f3n espont\u00e1nea hace que la vigilancia temprana sea esencial para evitar su expansi\u00f3n.<\/p>\n<p>El <u>manejo<\/u> de <em>Tetranychus urticae<\/em> se fundamenta en tres pilares: la <u>prevenci\u00f3n, la conservaci\u00f3n de fauna auxiliar y el uso racional de acaricidas selectivos. <\/u><\/p>\n<ul>\n<li>En cuanto a la <u>prevenci\u00f3n<\/u>, es clave eliminar la vegetaci\u00f3n espont\u00e1nea de las lindes, ya que en ella pasan el invierno las hembras adultas. Tambi\u00e9n es fundamental ajustar la fertilizaci\u00f3n nitrogenada a niveles agron\u00f3micamente \u00f3ptimos, evitando excesos que favorecen a la plaga. Se recomienda evitar insecticidas de amplio espectro, ya que su uso elimina depredadores naturales y provoca incrementos bruscos de la ara\u00f1a roja. El seguimiento continuo mediante muestreos es igualmente imprescindible, centr\u00e1ndose en la hembra adulta, que es el estado m\u00e1s f\u00e1cil de identificar a simple vista. En cada parcela, se deber\u00e1n muestrear 25 plantas al azar, escoger 1 hoja del tercio superior, y valorar el n\u00famero de hembras adultas.<\/li>\n<li>La <u>conservaci\u00f3n de enemigos naturales<\/u> es uno de los elementos m\u00e1s eficaces del control. Destaca la importancia de especies como <em>Orius<\/em>, <em>Nabis<\/em>, <em>Chrysopa<\/em>, <em>Aeolothrips<\/em> y <em>Scolothrips<\/em>, se\u00f1alando que niveles de 30-40 individuos de <em>Orius<\/em> por s\u00e1bana pueden frenar el desarrollo de la plaga. La presencia de auxiliares suele mantener las poblaciones de ara\u00f1a roja en niveles bajos, reduciendo la necesidad de tratamientos qu\u00edmicos. Por ello, el manejo integrado prioriza la protecci\u00f3n de estos organismos mediante la elecci\u00f3n de productos selectivos y la reducci\u00f3n de intervenciones innecesarias.<\/li>\n<li>El <u>control qu\u00edmico<\/u> debe considerarse \u00fanicamente cuando se superen los umbrales establecidos (m\u00e1s del 20 % de plantas ocupadas o presencia de focos\/ataques en linde o m\u00e1s de 1 hembra\/hoja), siempre que no existan auxiliares en cantidades suficientes. En caso de ser necesario intervenir, se recomiendan el empleo de acaricidas selectivos, y solo los autorizados en el <a href=\"https:\/\/www.mapa.gob.es\/es\/agricultura\/temas\/sanidad-vegetal\/productos-fitosanitarios\/registro-productos\/\">Registro de Productos Fitosanitarios del Ministerio de Agricultura<\/a>, alternando materias activas con modos de acci\u00f3n diferentes. La eficacia del tratamiento depende en gran medida de la correcta aplicaci\u00f3n, asegurando que el producto llegue al env\u00e9s de las hojas, donde se concentra la plaga. La estrategia aconseja tratar solo los focos iniciales o las lindes, reservando los tratamientos generalizados para situaciones en las que la plaga est\u00e9 extendida por toda la parcela y se haya superado el umbral de intervenci\u00f3n.<\/li>\n<\/ul>\n<p>La tendencia natural de la plaga es que aparezca inicialmente en focos localizados, llegando a generalizarse solo en determinadas condiciones. El seguimiento constante permite ajustar las decisiones de manejo y evitar tratamientos innecesarios, lo que contribuye a la sostenibilidad del cultivo. En general, la combinaci\u00f3n de pr\u00e1cticas culturales adecuadas, conservaci\u00f3n de fauna auxiliar y uso racional de acaricidas permite mantener la plaga bajo control sin comprometer la rentabilidad ni el equilibrio ecol\u00f3gico del agroecosistema del cultivo.<\/p>\n<p>&nbsp;<\/p>\n[\/vc_column_text][\/vc_column][\/vc_row]\n","protected":false},"excerpt":{"rendered":"<p>[vc_row type=&#8221;in_container&#8221; full_screen_row_position=&#8221;middle&#8221; column_margin=&#8221;default&#8221; column_direction=&#8221;default&#8221; column_direction_tablet=&#8221;default&#8221; column_direction_phone=&#8221;default&#8221; scene_position=&#8221;center&#8221; text_color=&#8221;dark&#8221; text_align=&#8221;left&#8221; row_border_radius=&#8221;none&#8221; row_border_radius_applies=&#8221;bg&#8221; overflow=&#8221;visible&#8221; overlay_strength=&#8221;0.3&#8243; gradient_direction=&#8221;left_to_right&#8221; shape_divider_position=&#8221;bottom&#8221; bg_image_animation=&#8221;none&#8221;][vc_column column_padding=&#8221;no-extra-padding&#8221; column_padding_tablet=&#8221;inherit&#8221; column_padding_phone=&#8221;inherit&#8221; column_padding_position=&#8221;all&#8221; column_element_spacing=&#8221;default&#8221; background_color_opacity=&#8221;1&#8243; background_hover_color_opacity=&#8221;1&#8243; column_shadow=&#8221;none&#8221; column_border_radius=&#8221;none&#8221; column_link_target=&#8221;_self&#8221; column_position=&#8221;default&#8221; gradient_direction=&#8221;left_to_right&#8221; overlay_strength=&#8221;0.3&#8243;&#8230;<\/p>\n","protected":false},"author":1,"featured_media":75789,"comment_status":"closed","ping_status":"closed","sticky":false,"template":"","format":"standard","meta":{"footnotes":""},"categories":[531,247,244],"tags":[],"class_list":["post-75788","post","type-post","status-publish","format-standard","has-post-thumbnail","category-531","category-actualidad-fitosanitaria","category-algodon"],"yoast_head":"<!-- This site is optimized with the Yoast SEO plugin v26.1.1 - https:\/\/yoast.com\/wordpress\/plugins\/seo\/ -->\n<title>Manejo integrado de ara\u00f1a roja (Tetranychus urticae) en el cultivo del algod\u00f3n. - RAIF<\/title>\n<meta name=\"robots\" content=\"index, follow, max-snippet:-1, max-image-preview:large, max-video-preview:-1\" \/>\n<link rel=\"canonical\" href=\"https:\/\/pd-web-wp-raif.apps.paas-pro.junta-andalucia.es\/manejo-integrado-de-arana-roja-tetranychus-urticae-en-el-cultivo-del-algodon\/\" \/>\n<meta property=\"og:locale\" content=\"es_ES\" \/>\n<meta property=\"og:type\" content=\"article\" \/>\n<meta property=\"og:title\" content=\"Manejo integrado de ara\u00f1a roja (Tetranychus urticae) en el cultivo del algod\u00f3n. - RAIF\" \/>\n<meta property=\"og:description\" content=\"[vc_row type=&#8221;in_container&#8221; full_screen_row_position=&#8221;middle&#8221; column_margin=&#8221;default&#8221; column_direction=&#8221;default&#8221; column_direction_tablet=&#8221;default&#8221; column_direction_phone=&#8221;default&#8221; scene_position=&#8221;center&#8221; text_color=&#8221;dark&#8221; text_align=&#8221;left&#8221; row_border_radius=&#8221;none&#8221; row_border_radius_applies=&#8221;bg&#8221; overflow=&#8221;visible&#8221; overlay_strength=&#8221;0.3&#8243; gradient_direction=&#8221;left_to_right&#8221; shape_divider_position=&#8221;bottom&#8221; bg_image_animation=&#8221;none&#8221;][vc_column column_padding=&#8221;no-extra-padding&#8221; column_padding_tablet=&#8221;inherit&#8221; column_padding_phone=&#8221;inherit&#8221; column_padding_position=&#8221;all&#8221; column_element_spacing=&#8221;default&#8221; background_color_opacity=&#8221;1&#8243; background_hover_color_opacity=&#8221;1&#8243; column_shadow=&#8221;none&#8221; column_border_radius=&#8221;none&#8221; column_link_target=&#8221;_self&#8221; column_position=&#8221;default&#8221; gradient_direction=&#8221;left_to_right&#8221; overlay_strength=&#8221;0.3&#8243;...\" \/>\n<meta property=\"og:url\" content=\"https:\/\/pd-web-wp-raif.apps.paas-pro.junta-andalucia.es\/manejo-integrado-de-arana-roja-tetranychus-urticae-en-el-cultivo-del-algodon\/\" \/>\n<meta property=\"og:site_name\" content=\"RAIF\" \/>\n<meta property=\"article:published_time\" content=\"2026-05-11T06:14:45+00:00\" \/>\n<meta property=\"article:modified_time\" content=\"2026-05-11T06:15:55+00:00\" \/>\n<meta property=\"og:image\" content=\"http:\/\/pd-web-wp-raif.apps.paas-pro.junta-andalucia.es\/wp-content\/uploads\/2026\/05\/Arana-roja.jpg\" \/>\n\t<meta property=\"og:image:width\" content=\"248\" \/>\n\t<meta property=\"og:image:height\" content=\"251\" \/>\n\t<meta property=\"og:image:type\" content=\"image\/jpeg\" \/>\n<meta name=\"author\" content=\"admin@raif\" \/>\n<meta name=\"twitter:card\" content=\"summary_large_image\" \/>\n<meta name=\"twitter:label1\" content=\"Escrito por\" \/>\n\t<meta name=\"twitter:data1\" content=\"admin@raif\" \/>\n\t<meta name=\"twitter:label2\" content=\"Tiempo de lectura\" \/>\n\t<meta name=\"twitter:data2\" content=\"4 minutos\" \/>\n<script type=\"application\/ld+json\" class=\"yoast-schema-graph\">{\"@context\":\"https:\/\/schema.org\",\"@graph\":[{\"@type\":\"WebPage\",\"@id\":\"https:\/\/pd-web-wp-raif.apps.paas-pro.junta-andalucia.es\/manejo-integrado-de-arana-roja-tetranychus-urticae-en-el-cultivo-del-algodon\/\",\"url\":\"https:\/\/pd-web-wp-raif.apps.paas-pro.junta-andalucia.es\/manejo-integrado-de-arana-roja-tetranychus-urticae-en-el-cultivo-del-algodon\/\",\"name\":\"Manejo integrado de ara\u00f1a roja (Tetranychus urticae) en el cultivo del algod\u00f3n. - RAIF\",\"isPartOf\":{\"@id\":\"https:\/\/pd-web-wp-raif.apps.paas-pro.junta-andalucia.es\/#website\"},\"primaryImageOfPage\":{\"@id\":\"https:\/\/pd-web-wp-raif.apps.paas-pro.junta-andalucia.es\/manejo-integrado-de-arana-roja-tetranychus-urticae-en-el-cultivo-del-algodon\/#primaryimage\"},\"image\":{\"@id\":\"https:\/\/pd-web-wp-raif.apps.paas-pro.junta-andalucia.es\/manejo-integrado-de-arana-roja-tetranychus-urticae-en-el-cultivo-del-algodon\/#primaryimage\"},\"thumbnailUrl\":\"https:\/\/pd-web-wp-raif.apps.paas-pro.junta-andalucia.es\/wp-content\/uploads\/2026\/05\/Arana-roja.jpg\",\"datePublished\":\"2026-05-11T06:14:45+00:00\",\"dateModified\":\"2026-05-11T06:15:55+00:00\",\"author\":{\"@id\":\"https:\/\/pd-web-wp-raif.apps.paas-pro.junta-andalucia.es\/#\/schema\/person\/227a8fc3747323ffbba1c06e07632169\"},\"breadcrumb\":{\"@id\":\"https:\/\/pd-web-wp-raif.apps.paas-pro.junta-andalucia.es\/manejo-integrado-de-arana-roja-tetranychus-urticae-en-el-cultivo-del-algodon\/#breadcrumb\"},\"inLanguage\":\"es\",\"potentialAction\":[{\"@type\":\"ReadAction\",\"target\":[\"https:\/\/pd-web-wp-raif.apps.paas-pro.junta-andalucia.es\/manejo-integrado-de-arana-roja-tetranychus-urticae-en-el-cultivo-del-algodon\/\"]}]},{\"@type\":\"ImageObject\",\"inLanguage\":\"es\",\"@id\":\"https:\/\/pd-web-wp-raif.apps.paas-pro.junta-andalucia.es\/manejo-integrado-de-arana-roja-tetranychus-urticae-en-el-cultivo-del-algodon\/#primaryimage\",\"url\":\"https:\/\/pd-web-wp-raif.apps.paas-pro.junta-andalucia.es\/wp-content\/uploads\/2026\/05\/Arana-roja.jpg\",\"contentUrl\":\"https:\/\/pd-web-wp-raif.apps.paas-pro.junta-andalucia.es\/wp-content\/uploads\/2026\/05\/Arana-roja.jpg\",\"width\":248,\"height\":251},{\"@type\":\"BreadcrumbList\",\"@id\":\"https:\/\/pd-web-wp-raif.apps.paas-pro.junta-andalucia.es\/manejo-integrado-de-arana-roja-tetranychus-urticae-en-el-cultivo-del-algodon\/#breadcrumb\",\"itemListElement\":[{\"@type\":\"ListItem\",\"position\":1,\"name\":\"Portada\",\"item\":\"https:\/\/pd-web-wp-raif.apps.paas-pro.junta-andalucia.es\/\"},{\"@type\":\"ListItem\",\"position\":2,\"name\":\"Manejo integrado de ara\u00f1a roja (Tetranychus urticae) en el cultivo del algod\u00f3n.\"}]},{\"@type\":\"WebSite\",\"@id\":\"https:\/\/pd-web-wp-raif.apps.paas-pro.junta-andalucia.es\/#website\",\"url\":\"https:\/\/pd-web-wp-raif.apps.paas-pro.junta-andalucia.es\/\",\"name\":\"RAIF\",\"description\":\"Red de alerta e informaci\u00f3n fitosanitaria de Andaluc\u00eda\",\"potentialAction\":[{\"@type\":\"SearchAction\",\"target\":{\"@type\":\"EntryPoint\",\"urlTemplate\":\"https:\/\/pd-web-wp-raif.apps.paas-pro.junta-andalucia.es\/?s={search_term_string}\"},\"query-input\":{\"@type\":\"PropertyValueSpecification\",\"valueRequired\":true,\"valueName\":\"search_term_string\"}}],\"inLanguage\":\"es\"},{\"@type\":\"Person\",\"@id\":\"https:\/\/pd-web-wp-raif.apps.paas-pro.junta-andalucia.es\/#\/schema\/person\/227a8fc3747323ffbba1c06e07632169\",\"name\":\"admin@raif\",\"image\":{\"@type\":\"ImageObject\",\"inLanguage\":\"es\",\"@id\":\"https:\/\/pd-web-wp-raif.apps.paas-pro.junta-andalucia.es\/#\/schema\/person\/image\/\",\"url\":\"https:\/\/secure.gravatar.com\/avatar\/138bc89f6717f7d5d03862c0606136b0dc8930a0ff9e539442256a405b0153bc?s=96&d=mm&r=g\",\"contentUrl\":\"https:\/\/secure.gravatar.com\/avatar\/138bc89f6717f7d5d03862c0606136b0dc8930a0ff9e539442256a405b0153bc?s=96&d=mm&r=g\",\"caption\":\"admin@raif\"},\"sameAs\":[\"http:\/\/pd-web-wp-raif.apps.paas-pro.junta-andalucia.es\"],\"url\":\"https:\/\/pd-web-wp-raif.apps.paas-pro.junta-andalucia.es\/author\/adminraif\/\"}]}<\/script>\n<!-- \/ Yoast SEO plugin. -->","yoast_head_json":{"title":"Manejo integrado de ara\u00f1a roja (Tetranychus urticae) en el cultivo del algod\u00f3n. - RAIF","robots":{"index":"index","follow":"follow","max-snippet":"max-snippet:-1","max-image-preview":"max-image-preview:large","max-video-preview":"max-video-preview:-1"},"canonical":"https:\/\/pd-web-wp-raif.apps.paas-pro.junta-andalucia.es\/manejo-integrado-de-arana-roja-tetranychus-urticae-en-el-cultivo-del-algodon\/","og_locale":"es_ES","og_type":"article","og_title":"Manejo integrado de ara\u00f1a roja (Tetranychus urticae) en el cultivo del algod\u00f3n. - RAIF","og_description":"[vc_row type=&#8221;in_container&#8221; full_screen_row_position=&#8221;middle&#8221; column_margin=&#8221;default&#8221; column_direction=&#8221;default&#8221; column_direction_tablet=&#8221;default&#8221; column_direction_phone=&#8221;default&#8221; scene_position=&#8221;center&#8221; text_color=&#8221;dark&#8221; text_align=&#8221;left&#8221; row_border_radius=&#8221;none&#8221; row_border_radius_applies=&#8221;bg&#8221; overflow=&#8221;visible&#8221; overlay_strength=&#8221;0.3&#8243; gradient_direction=&#8221;left_to_right&#8221; shape_divider_position=&#8221;bottom&#8221; bg_image_animation=&#8221;none&#8221;][vc_column column_padding=&#8221;no-extra-padding&#8221; column_padding_tablet=&#8221;inherit&#8221; column_padding_phone=&#8221;inherit&#8221; column_padding_position=&#8221;all&#8221; column_element_spacing=&#8221;default&#8221; background_color_opacity=&#8221;1&#8243; background_hover_color_opacity=&#8221;1&#8243; column_shadow=&#8221;none&#8221; column_border_radius=&#8221;none&#8221; column_link_target=&#8221;_self&#8221; column_position=&#8221;default&#8221; gradient_direction=&#8221;left_to_right&#8221; overlay_strength=&#8221;0.3&#8243;...","og_url":"https:\/\/pd-web-wp-raif.apps.paas-pro.junta-andalucia.es\/manejo-integrado-de-arana-roja-tetranychus-urticae-en-el-cultivo-del-algodon\/","og_site_name":"RAIF","article_published_time":"2026-05-11T06:14:45+00:00","article_modified_time":"2026-05-11T06:15:55+00:00","og_image":[{"width":248,"height":251,"url":"http:\/\/pd-web-wp-raif.apps.paas-pro.junta-andalucia.es\/wp-content\/uploads\/2026\/05\/Arana-roja.jpg","type":"image\/jpeg"}],"author":"admin@raif","twitter_card":"summary_large_image","twitter_misc":{"Escrito por":"admin@raif","Tiempo de lectura":"4 minutos"},"schema":{"@context":"https:\/\/schema.org","@graph":[{"@type":"WebPage","@id":"https:\/\/pd-web-wp-raif.apps.paas-pro.junta-andalucia.es\/manejo-integrado-de-arana-roja-tetranychus-urticae-en-el-cultivo-del-algodon\/","url":"https:\/\/pd-web-wp-raif.apps.paas-pro.junta-andalucia.es\/manejo-integrado-de-arana-roja-tetranychus-urticae-en-el-cultivo-del-algodon\/","name":"Manejo integrado de ara\u00f1a roja (Tetranychus urticae) en el cultivo del algod\u00f3n. - RAIF","isPartOf":{"@id":"https:\/\/pd-web-wp-raif.apps.paas-pro.junta-andalucia.es\/#website"},"primaryImageOfPage":{"@id":"https:\/\/pd-web-wp-raif.apps.paas-pro.junta-andalucia.es\/manejo-integrado-de-arana-roja-tetranychus-urticae-en-el-cultivo-del-algodon\/#primaryimage"},"image":{"@id":"https:\/\/pd-web-wp-raif.apps.paas-pro.junta-andalucia.es\/manejo-integrado-de-arana-roja-tetranychus-urticae-en-el-cultivo-del-algodon\/#primaryimage"},"thumbnailUrl":"https:\/\/pd-web-wp-raif.apps.paas-pro.junta-andalucia.es\/wp-content\/uploads\/2026\/05\/Arana-roja.jpg","datePublished":"2026-05-11T06:14:45+00:00","dateModified":"2026-05-11T06:15:55+00:00","author":{"@id":"https:\/\/pd-web-wp-raif.apps.paas-pro.junta-andalucia.es\/#\/schema\/person\/227a8fc3747323ffbba1c06e07632169"},"breadcrumb":{"@id":"https:\/\/pd-web-wp-raif.apps.paas-pro.junta-andalucia.es\/manejo-integrado-de-arana-roja-tetranychus-urticae-en-el-cultivo-del-algodon\/#breadcrumb"},"inLanguage":"es","potentialAction":[{"@type":"ReadAction","target":["https:\/\/pd-web-wp-raif.apps.paas-pro.junta-andalucia.es\/manejo-integrado-de-arana-roja-tetranychus-urticae-en-el-cultivo-del-algodon\/"]}]},{"@type":"ImageObject","inLanguage":"es","@id":"https:\/\/pd-web-wp-raif.apps.paas-pro.junta-andalucia.es\/manejo-integrado-de-arana-roja-tetranychus-urticae-en-el-cultivo-del-algodon\/#primaryimage","url":"https:\/\/pd-web-wp-raif.apps.paas-pro.junta-andalucia.es\/wp-content\/uploads\/2026\/05\/Arana-roja.jpg","contentUrl":"https:\/\/pd-web-wp-raif.apps.paas-pro.junta-andalucia.es\/wp-content\/uploads\/2026\/05\/Arana-roja.jpg","width":248,"height":251},{"@type":"BreadcrumbList","@id":"https:\/\/pd-web-wp-raif.apps.paas-pro.junta-andalucia.es\/manejo-integrado-de-arana-roja-tetranychus-urticae-en-el-cultivo-del-algodon\/#breadcrumb","itemListElement":[{"@type":"ListItem","position":1,"name":"Portada","item":"https:\/\/pd-web-wp-raif.apps.paas-pro.junta-andalucia.es\/"},{"@type":"ListItem","position":2,"name":"Manejo integrado de ara\u00f1a roja (Tetranychus urticae) en el cultivo del algod\u00f3n."}]},{"@type":"WebSite","@id":"https:\/\/pd-web-wp-raif.apps.paas-pro.junta-andalucia.es\/#website","url":"https:\/\/pd-web-wp-raif.apps.paas-pro.junta-andalucia.es\/","name":"RAIF","description":"Red de alerta e informaci\u00f3n fitosanitaria de Andaluc\u00eda","potentialAction":[{"@type":"SearchAction","target":{"@type":"EntryPoint","urlTemplate":"https:\/\/pd-web-wp-raif.apps.paas-pro.junta-andalucia.es\/?s={search_term_string}"},"query-input":{"@type":"PropertyValueSpecification","valueRequired":true,"valueName":"search_term_string"}}],"inLanguage":"es"},{"@type":"Person","@id":"https:\/\/pd-web-wp-raif.apps.paas-pro.junta-andalucia.es\/#\/schema\/person\/227a8fc3747323ffbba1c06e07632169","name":"admin@raif","image":{"@type":"ImageObject","inLanguage":"es","@id":"https:\/\/pd-web-wp-raif.apps.paas-pro.junta-andalucia.es\/#\/schema\/person\/image\/","url":"https:\/\/secure.gravatar.com\/avatar\/138bc89f6717f7d5d03862c0606136b0dc8930a0ff9e539442256a405b0153bc?s=96&d=mm&r=g","contentUrl":"https:\/\/secure.gravatar.com\/avatar\/138bc89f6717f7d5d03862c0606136b0dc8930a0ff9e539442256a405b0153bc?s=96&d=mm&r=g","caption":"admin@raif"},"sameAs":["http:\/\/pd-web-wp-raif.apps.paas-pro.junta-andalucia.es"],"url":"https:\/\/pd-web-wp-raif.apps.paas-pro.junta-andalucia.es\/author\/adminraif\/"}]}},"_links":{"self":[{"href":"https:\/\/pd-web-wp-raif.apps.paas-pro.junta-andalucia.es\/api\/wp\/v2\/posts\/75788","targetHints":{"allow":["GET"]}}],"collection":[{"href":"https:\/\/pd-web-wp-raif.apps.paas-pro.junta-andalucia.es\/api\/wp\/v2\/posts"}],"about":[{"href":"https:\/\/pd-web-wp-raif.apps.paas-pro.junta-andalucia.es\/api\/wp\/v2\/types\/post"}],"author":[{"embeddable":true,"href":"https:\/\/pd-web-wp-raif.apps.paas-pro.junta-andalucia.es\/api\/wp\/v2\/users\/1"}],"replies":[{"embeddable":true,"href":"https:\/\/pd-web-wp-raif.apps.paas-pro.junta-andalucia.es\/api\/wp\/v2\/comments?post=75788"}],"version-history":[{"count":1,"href":"https:\/\/pd-web-wp-raif.apps.paas-pro.junta-andalucia.es\/api\/wp\/v2\/posts\/75788\/revisions"}],"predecessor-version":[{"id":75790,"href":"https:\/\/pd-web-wp-raif.apps.paas-pro.junta-andalucia.es\/api\/wp\/v2\/posts\/75788\/revisions\/75790"}],"wp:featuredmedia":[{"embeddable":true,"href":"https:\/\/pd-web-wp-raif.apps.paas-pro.junta-andalucia.es\/api\/wp\/v2\/media\/75789"}],"wp:attachment":[{"href":"https:\/\/pd-web-wp-raif.apps.paas-pro.junta-andalucia.es\/api\/wp\/v2\/media?parent=75788"}],"wp:term":[{"taxonomy":"category","embeddable":true,"href":"https:\/\/pd-web-wp-raif.apps.paas-pro.junta-andalucia.es\/api\/wp\/v2\/categories?post=75788"},{"taxonomy":"post_tag","embeddable":true,"href":"https:\/\/pd-web-wp-raif.apps.paas-pro.junta-andalucia.es\/api\/wp\/v2\/tags?post=75788"}],"curies":[{"name":"wp","href":"https:\/\/api.w.org\/{rel}","templated":true}]}}