{"id":2353,"date":"2012-10-02T10:37:56","date_gmt":"2012-10-02T10:37:56","guid":{"rendered":"http:\/\/cga.ced.junta-andalucia.es\/portal\/?p=2353"},"modified":"2016-10-26T12:12:30","modified_gmt":"2016-10-26T10:12:30","slug":"aviso-de-interrupcion-de-servicios","status":"publish","type":"post","link":"https:\/\/www.juntadeandalucia.es\/educacion\/cga\/portal\/?p=2353","title":{"rendered":"Aviso de Interrupci\u00f3n de Servicios"},"content":{"rendered":"<p style=\"text-align: justify;\">Por tareas de mantenimiento de la <em>Red Corporativa de la Junta de Andaluc\u00eda<\/em>, se producir\u00e1 una parada t\u00e9cnica de las comunicaciones en toda la red de centros educativos p\u00fablicos andaluces el pr\u00f3ximo <strong>jueves 4 de octubre, a partir de las 20 horas<\/strong>. El servicio se\u00a0 restablecer\u00e1 a lo largo de la madrugada del <strong>jueves al viernes 5 de octubre.<\/strong><\/p>\n<p style=\"text-align: justify;\">Disculpen las molestias que esta parada t\u00e9cnica pudiera ocasionarles.<\/p>\n","protected":false},"excerpt":{"rendered":"<p>Por tareas de mantenimiento de la Red Corporativa de la Junta de Andaluc\u00eda, se producir\u00e1 una parada t\u00e9cnica de las comunicaciones en toda la red de centros educativos p\u00fablicos andaluces el pr\u00f3ximo jueves 4 de octubre, a partir de las 20 horas. El servicio se\u00a0 restablecer\u00e1 a lo largo de la madrugada del jueves al [&hellip;]<\/p>\n","protected":false},"author":2,"featured_media":7104,"comment_status":"closed","ping_status":"open","sticky":false,"template":"","format":"standard","meta":{"_et_pb_use_builder":"","_et_pb_old_content":""},"categories":[15],"tags":[],"_links":{"self":[{"href":"https:\/\/www.juntadeandalucia.es\/educacion\/cga\/portal\/index.php?rest_route=\/wp\/v2\/posts\/2353"}],"collection":[{"href":"https:\/\/www.juntadeandalucia.es\/educacion\/cga\/portal\/index.php?rest_route=\/wp\/v2\/posts"}],"about":[{"href":"https:\/\/www.juntadeandalucia.es\/educacion\/cga\/portal\/index.php?rest_route=\/wp\/v2\/types\/post"}],"author":[{"embeddable":true,"href":"https:\/\/www.juntadeandalucia.es\/educacion\/cga\/portal\/index.php?rest_route=\/wp\/v2\/users\/2"}],"replies":[{"embeddable":true,"href":"https:\/\/www.juntadeandalucia.es\/educacion\/cga\/portal\/index.php?rest_route=%2Fwp%2Fv2%2Fcomments&post=2353"}],"version-history":[{"count":2,"href":"https:\/\/www.juntadeandalucia.es\/educacion\/cga\/portal\/index.php?rest_route=\/wp\/v2\/posts\/2353\/revisions"}],"predecessor-version":[{"id":7105,"href":"https:\/\/www.juntadeandalucia.es\/educacion\/cga\/portal\/index.php?rest_route=\/wp\/v2\/posts\/2353\/revisions\/7105"}],"wp:featuredmedia":[{"embeddable":true,"href":"https:\/\/www.juntadeandalucia.es\/educacion\/cga\/portal\/index.php?rest_route=\/wp\/v2\/media\/7104"}],"wp:attachment":[{"href":"https:\/\/www.juntadeandalucia.es\/educacion\/cga\/portal\/index.php?rest_route=%2Fwp%2Fv2%2Fmedia&parent=2353"}],"wp:term":[{"taxonomy":"category","embeddable":true,"href":"https:\/\/www.juntadeandalucia.es\/educacion\/cga\/portal\/index.php?rest_route=%2Fwp%2Fv2%2Fcategories&post=2353"},{"taxonomy":"post_tag","embeddable":true,"href":"https:\/\/www.juntadeandalucia.es\/educacion\/cga\/portal\/index.php?rest_route=%2Fwp%2Fv2%2Ftags&post=2353"}],"curies":[{"name":"wp","href":"https:\/\/api.w.org\/{rel}","templated":true}]}}