{"id":5543,"date":"2015-12-17T10:28:00","date_gmt":"2015-12-17T08:28:00","guid":{"rendered":"http:\/\/cga.ced.junta-andalucia.es\/portal\/?p=5543"},"modified":"2016-10-26T12:10:01","modified_gmt":"2016-10-26T10:10:01","slug":"creacion-de-llaveros-en-guadalinex-edu-para-la-sdi","status":"publish","type":"post","link":"https:\/\/www.juntadeandalucia.es\/educacion\/cga\/portal\/?p=5543","title":{"rendered":"Creaci\u00f3n de llaveros en Guadalinex EDU para la SDI"},"content":{"rendered":"<p>En este manual encontrar\u00e1 las instrucciones necesarias para crear una memoria USB que permita la reinstalaci\u00f3n de Guadalinex EDU 2013 en los equipos NUC integrados en la Soluci\u00f3n Digital Integral (SDI) y que requieran de su recuperaci\u00f3n ante incidencias de tipo software.<\/p>\n<p style=\"text-align: justify;\"><em><a class=\"wp-oembed\" <a href=\"http:\/\/cga.ced.junta-andalucia.es\/portal\/wp-content\/uploads\/2015\/11\/Creador_de_llaveros_SDI.pdf\">Creador_de_llaveros_SDI<\/a><\/p>\n<p style=\"text-align: justify;\"><em><br \/>\n<\/em><\/p>\n","protected":false},"excerpt":{"rendered":"<p>En este manual encontrar\u00e1 las instrucciones necesarias para crear una memoria USB que permita la reinstalaci\u00f3n de Guadalinex EDU 2013 en los equipos NUC integrados en la Soluci\u00f3n Digital Integral (SDI) y que requieran de su recuperaci\u00f3n ante incidencias de tipo software.<\/p>\n","protected":false},"author":2,"featured_media":0,"comment_status":"closed","ping_status":"open","sticky":false,"template":"","format":"standard","meta":{"_et_pb_use_builder":"","_et_pb_old_content":""},"categories":[14],"tags":[],"_links":{"self":[{"href":"https:\/\/www.juntadeandalucia.es\/educacion\/cga\/portal\/index.php?rest_route=\/wp\/v2\/posts\/5543"}],"collection":[{"href":"https:\/\/www.juntadeandalucia.es\/educacion\/cga\/portal\/index.php?rest_route=\/wp\/v2\/posts"}],"about":[{"href":"https:\/\/www.juntadeandalucia.es\/educacion\/cga\/portal\/index.php?rest_route=\/wp\/v2\/types\/post"}],"author":[{"embeddable":true,"href":"https:\/\/www.juntadeandalucia.es\/educacion\/cga\/portal\/index.php?rest_route=\/wp\/v2\/users\/2"}],"replies":[{"embeddable":true,"href":"https:\/\/www.juntadeandalucia.es\/educacion\/cga\/portal\/index.php?rest_route=%2Fwp%2Fv2%2Fcomments&post=5543"}],"version-history":[{"count":1,"href":"https:\/\/www.juntadeandalucia.es\/educacion\/cga\/portal\/index.php?rest_route=\/wp\/v2\/posts\/5543\/revisions"}],"predecessor-version":[{"id":7245,"href":"https:\/\/www.juntadeandalucia.es\/educacion\/cga\/portal\/index.php?rest_route=\/wp\/v2\/posts\/5543\/revisions\/7245"}],"wp:attachment":[{"href":"https:\/\/www.juntadeandalucia.es\/educacion\/cga\/portal\/index.php?rest_route=%2Fwp%2Fv2%2Fmedia&parent=5543"}],"wp:term":[{"taxonomy":"category","embeddable":true,"href":"https:\/\/www.juntadeandalucia.es\/educacion\/cga\/portal\/index.php?rest_route=%2Fwp%2Fv2%2Fcategories&post=5543"},{"taxonomy":"post_tag","embeddable":true,"href":"https:\/\/www.juntadeandalucia.es\/educacion\/cga\/portal\/index.php?rest_route=%2Fwp%2Fv2%2Ftags&post=5543"}],"curies":[{"name":"wp","href":"https:\/\/api.w.org\/{rel}","templated":true}]}}