{"id":2491,"date":"2021-09-29T10:28:53","date_gmt":"2021-09-29T08:28:53","guid":{"rendered":"https:\/\/ws205.juntadeandalucia.es\/educaiecawp\/como-te-llamas\/"},"modified":"2022-09-19T12:55:37","modified_gmt":"2022-09-19T10:55:37","slug":"como-te-llamas","status":"publish","type":"post","link":"https:\/\/www.juntadeandalucia.es\/institutodeestadisticaycartografia\/educaieca-contenidos\/como-te-llamas\/","title":{"rendered":"\u00bfC\u00f3mo te llamas?"},"content":{"rendered":"<p><div class=\"fusion-fullwidth fullwidth-box fusion-builder-row-1 fusion-flex-container nonhundred-percent-fullwidth non-hundred-percent-height-scrolling\" style=\"--awb-border-radius-top-left:0px;--awb-border-radius-top-right:0px;--awb-border-radius-bottom-right:0px;--awb-border-radius-bottom-left:0px;\" ><div class=\"fusion-builder-row fusion-row fusion-flex-align-items-flex-end\" style=\"max-width:1216.8px;margin-left: calc(-4% \/ 2 );margin-right: calc(-4% \/ 2 );\"><div class=\"fusion-layout-column fusion_builder_column fusion-builder-column-0 fusion_builder_column_1_1 1_1 fusion-flex-column\" style=\"--awb-bg-size:cover;--awb-width-large:100%;--awb-margin-top-large:0px;--awb-spacing-right-large:1.92%;--awb-margin-bottom-large:0px;--awb-spacing-left-large:1.92%;--awb-width-medium:100%;--awb-order-medium:0;--awb-spacing-right-medium:1.92%;--awb-spacing-left-medium:1.92%;--awb-width-small:100%;--awb-order-small:0;--awb-spacing-right-small:1.92%;--awb-spacing-left-small:1.92%;\"><div class=\"fusion-column-wrapper fusion-column-has-shadow fusion-flex-justify-content-flex-start fusion-content-layout-column\"><div class=\"fusion-title title fusion-title-1 fusion-sep-none fusion-title-text fusion-title-size-two\"><h2 class=\"title-heading-left\">Introducci\u00f3n<\/h2><\/div><div class=\"fusion-text fusion-text-1\"><p>La <strong>Estad\u00edstica de nombres y apellidos de los andaluces<\/strong> realiza un conteo de la poblaci\u00f3n atendiendo a c\u00f3mo nos llamamos.<\/p>\n<p>Proporciona informaci\u00f3n sobre la <strong>distribuci\u00f3n y frecuencia<\/strong> de los nombres y apellidos de los andaluces para los distintos \u00e1mbitos territoriales de la comunidad aut\u00f3noma: Andaluc\u00eda en su conjunto, provincias y municipios. Por tanto, es posible saber <strong>cu\u00e1ntos andaluces se llaman<\/strong> Antonio, Ram\u00f3n, Beatriz o Cristina, y cu\u00e1ntos llevan el apellido Garc\u00eda o Fern\u00e1ndez.<\/p>\n<\/div><div class=\"fusion-separator fusion-full-width-sep\" style=\"align-self: center;margin-left: auto;margin-right: auto;margin-top:40px;width:100%;\"><\/div><\/div><\/div><div class=\"fusion-layout-column fusion_builder_column fusion-builder-column-1 fusion_builder_column_1_1 1_1 fusion-flex-column\" style=\"--awb-bg-size:cover;--awb-width-large:100%;--awb-margin-top-large:0px;--awb-spacing-right-large:1.92%;--awb-margin-bottom-large:0px;--awb-spacing-left-large:1.92%;--awb-width-medium:100%;--awb-order-medium:0;--awb-spacing-right-medium:1.92%;--awb-spacing-left-medium:1.92%;--awb-width-small:100%;--awb-order-small:0;--awb-spacing-right-small:1.92%;--awb-spacing-left-small:1.92%;\"><div class=\"fusion-column-wrapper fusion-column-has-shadow fusion-flex-justify-content-flex-start fusion-content-layout-column\"><div class=\"fusion-image-element \" style=\"text-align:center;--awb-caption-title-size:var(--h2_typography-font-size);--awb-caption-title-transform:var(--h2_typography-text-transform);--awb-caption-title-line-height:var(--h2_typography-line-height);--awb-caption-title-letter-spacing:var(--h2_typography-letter-spacing);\"><span class=\" fusion-imageframe imageframe-none imageframe-1 hover-type-none ieca-foto\"><a href=\"https:\/\/ws205.juntadeandalucia.es\/educaiecawp\/wp-content\/uploads\/2021\/09\/mapa-nombres.jpg\" class=\"fusion-lightbox\" data-rel=\"iLightbox[4edc4080a8fdaf2d52f]\" data-title=\"mapa-nombres\" title=\"mapa-nombres\"><img decoding=\"async\" width=\"700\" height=\"441\" alt=\"Mapa de nombres en Andaluc\u00eda\" src=\"https:\/\/ws205.juntadeandalucia.es\/educaiecawp\/wp-content\/uploads\/2021\/09\/mapa-nombres.jpg\" class=\"img-responsive wp-image-2082\" srcset=\"https:\/\/www.juntadeandalucia.es\/institutodeestadisticaycartografia\/educaieca-contenidos\/wp-content\/uploads\/2021\/09\/mapa-nombres-200x126.jpg 200w, https:\/\/www.juntadeandalucia.es\/institutodeestadisticaycartografia\/educaieca-contenidos\/wp-content\/uploads\/2021\/09\/mapa-nombres-400x252.jpg 400w, https:\/\/www.juntadeandalucia.es\/institutodeestadisticaycartografia\/educaieca-contenidos\/wp-content\/uploads\/2021\/09\/mapa-nombres-600x378.jpg 600w, https:\/\/www.juntadeandalucia.es\/institutodeestadisticaycartografia\/educaieca-contenidos\/wp-content\/uploads\/2021\/09\/mapa-nombres.jpg 700w\" sizes=\"(max-width: 1024px) 100vw, (max-width: 640px) 100vw, 700px\" \/><\/a><\/span><\/div><div class=\"fusion-separator fusion-full-width-sep\" style=\"align-self: center;margin-left: auto;margin-right: auto;margin-top:40px;width:100%;\"><\/div><\/div><\/div><div class=\"fusion-layout-column fusion_builder_column fusion-builder-column-2 fusion_builder_column_1_1 1_1 fusion-flex-column\" style=\"--awb-bg-size:cover;--awb-width-large:100%;--awb-margin-top-large:0px;--awb-spacing-right-large:1.92%;--awb-margin-bottom-large:0px;--awb-spacing-left-large:1.92%;--awb-width-medium:100%;--awb-order-medium:0;--awb-spacing-right-medium:1.92%;--awb-spacing-left-medium:1.92%;--awb-width-small:100%;--awb-order-small:0;--awb-spacing-right-small:1.92%;--awb-spacing-left-small:1.92%;\"><div class=\"fusion-column-wrapper fusion-column-has-shadow fusion-flex-justify-content-flex-start fusion-content-layout-column\"><div class=\"fusion-text fusion-text-2\"><p>Aparte de buscar nombres y apellidos concretos, permite consultar el listado de <strong>los m\u00e1s frecuentes<\/strong>.<\/p>\n<p>Los resultados de las b\u00fasquedas se presentan en forma de tablas, gr\u00e1ficos y mapas de distribuci\u00f3n por el territorio.<\/p>\n<p>Existe la posibilidad de consultar los datos por<strong> nacionalidad y a\u00f1o de nacimiento<\/strong>.<\/p>\n<p>La \u00fanica limitaci\u00f3n es el <strong>secreto estad\u00edstico<\/strong>, es decir, que esas consultas no permitan identificar a personas concretas, por lo que no se muestran las frecuencias <strong>inferiores a 5 individuos<\/strong>.<\/p>\n<\/div><div class=\"fusion-separator fusion-full-width-sep\" style=\"align-self: center;margin-left: auto;margin-right: auto;margin-top:40px;width:100%;\"><\/div><\/div><\/div><div class=\"fusion-layout-column fusion_builder_column fusion-builder-column-3 fusion_builder_column_1_1 1_1 fusion-flex-column\" style=\"--awb-padding-top:30px;--awb-padding-right:30px;--awb-padding-bottom:30px;--awb-padding-left:30px;--awb-overflow:hidden;--awb-bg-color:#ffffff;--awb-bg-size:cover;--awb-box-shadow:0px 10px 21px 0px rgba(0,0,0,0.24);;--awb-border-color:#ffffff;--awb-border-top:4px;--awb-border-right:4px;--awb-border-bottom:4px;--awb-border-left:4px;--awb-border-style:solid;--awb-border-radius:8px 8px 8px 8px;--awb-width-large:100%;--awb-margin-top-large:0px;--awb-spacing-right-large:1.92%;--awb-margin-bottom-large:0px;--awb-spacing-left-large:1.92%;--awb-width-medium:100%;--awb-order-medium:0;--awb-spacing-right-medium:1.92%;--awb-spacing-left-medium:1.92%;--awb-width-small:100%;--awb-order-small:0;--awb-spacing-right-small:1.92%;--awb-spacing-left-small:1.92%;\"><div class=\"fusion-column-wrapper fusion-column-has-shadow fusion-flex-justify-content-flex-start fusion-content-layout-column\"><div class=\"fusion-text fusion-text-3\" style=\"--awb-content-alignment:center;--awb-text-color:#007134;\"><p style=\"text-align: center;\"><strong>Frecuencia del apellido GARC\u00cdA por municipios<\/strong><\/p>\n<\/div><div class=\"fusion-image-element \" style=\"text-align:center;--awb-caption-title-size:var(--h2_typography-font-size);--awb-caption-title-transform:var(--h2_typography-text-transform);--awb-caption-title-line-height:var(--h2_typography-line-height);--awb-caption-title-letter-spacing:var(--h2_typography-letter-spacing);\"><span class=\" fusion-imageframe imageframe-none imageframe-2 hover-type-none\"><a href=\"https:\/\/ws205.juntadeandalucia.es\/educaiecawp\/wp-content\/uploads\/2021\/09\/mapa-garcia.jpg\" class=\"fusion-lightbox\" data-rel=\"iLightbox[779a7b0928da24771b3]\" data-title=\"mapa-garcia\" title=\"mapa-garcia\"><img decoding=\"async\" width=\"1178\" height=\"685\" alt=\"Frecuencia del apellido GARC\u00cdA por municipios\" src=\"https:\/\/ws205.juntadeandalucia.es\/educaiecawp\/wp-content\/uploads\/2021\/09\/mapa-garcia.jpg\" class=\"img-responsive wp-image-2100\" srcset=\"https:\/\/www.juntadeandalucia.es\/institutodeestadisticaycartografia\/educaieca-contenidos\/wp-content\/uploads\/2021\/09\/mapa-garcia-200x116.jpg 200w, https:\/\/www.juntadeandalucia.es\/institutodeestadisticaycartografia\/educaieca-contenidos\/wp-content\/uploads\/2021\/09\/mapa-garcia-400x233.jpg 400w, https:\/\/www.juntadeandalucia.es\/institutodeestadisticaycartografia\/educaieca-contenidos\/wp-content\/uploads\/2021\/09\/mapa-garcia-600x349.jpg 600w, https:\/\/www.juntadeandalucia.es\/institutodeestadisticaycartografia\/educaieca-contenidos\/wp-content\/uploads\/2021\/09\/mapa-garcia-800x465.jpg 800w, https:\/\/www.juntadeandalucia.es\/institutodeestadisticaycartografia\/educaieca-contenidos\/wp-content\/uploads\/2021\/09\/mapa-garcia.jpg 1178w\" sizes=\"(max-width: 1024px) 100vw, (max-width: 640px) 100vw, 1178px\" \/><\/a><\/span><\/div><\/div><\/div><div class=\"fusion-layout-column fusion_builder_column fusion-builder-column-4 fusion_builder_column_1_1 1_1 fusion-flex-column\" style=\"--awb-bg-size:cover;--awb-width-large:100%;--awb-margin-top-large:0px;--awb-spacing-right-large:1.92%;--awb-margin-bottom-large:0px;--awb-spacing-left-large:1.92%;--awb-width-medium:100%;--awb-order-medium:0;--awb-spacing-right-medium:1.92%;--awb-spacing-left-medium:1.92%;--awb-width-small:100%;--awb-order-small:0;--awb-spacing-right-small:1.92%;--awb-spacing-left-small:1.92%;\"><div class=\"fusion-column-wrapper fusion-column-has-shadow fusion-flex-justify-content-flex-start fusion-content-layout-column\"><div class=\"fusion-separator fusion-full-width-sep\" style=\"align-self: center;margin-left: auto;margin-right: auto;margin-top:40px;width:100%;\"><\/div><\/div><\/div><\/div><\/div><div class=\"fusion-fullwidth fullwidth-box fusion-builder-row-2 fusion-flex-container ieca-card nonhundred-percent-fullwidth non-hundred-percent-height-scrolling\" style=\"--awb-border-radius-top-left:0px;--awb-border-radius-top-right:0px;--awb-border-radius-bottom-right:0px;--awb-border-radius-bottom-left:0px;--awb-padding-top:30px;--awb-padding-right:30px;--awb-padding-bottom:30px;--awb-padding-left:30px;--awb-background-color:#ffffff;--awb-box-shadow:0px 10px 21px 0px rgba(0,0,0,0.24);\" ><div class=\"fusion-builder-row fusion-row fusion-flex-align-items-flex-start\" style=\"max-width:1216.8px;margin-left: calc(-4% \/ 2 );margin-right: calc(-4% \/ 2 );\"><div class=\"fusion-layout-column fusion_builder_column fusion-builder-column-5 fusion_builder_column_1_1 1_1 fusion-flex-column fusion-flex-align-self-flex-end\" style=\"--awb-bg-size:cover;--awb-width-large:100%;--awb-margin-top-large:0px;--awb-spacing-right-large:1.92%;--awb-margin-bottom-large:0px;--awb-spacing-left-large:1.92%;--awb-width-medium:100%;--awb-order-medium:0;--awb-spacing-right-medium:1.92%;--awb-spacing-left-medium:1.92%;--awb-width-small:100%;--awb-order-small:0;--awb-spacing-right-small:1.92%;--awb-spacing-left-small:1.92%;\"><div class=\"fusion-column-wrapper fusion-column-has-shadow fusion-flex-justify-content-flex-start fusion-content-layout-column\"><div class=\"fusion-text fusion-text-4\" style=\"--awb-content-alignment:left;--awb-font-size:1.1rem;--awb-text-color:#007134;\"><p><i class=\"fas fa-pencil-ruler\"><\/i> <strong>Actividad: Tablas de frecuencias y representaciones gr\u00e1ficas<\/strong><\/p>\n<\/div><div class=\"fusion-text fusion-text-5\"><p>Como actividad did\u00e1ctica en clase, proponemos consultar la estad\u00edstica en el siguiente enlace:<\/p>\n<p><a href=\"https:\/\/www.juntadeandalucia.es\/institutodeestadisticaycartografia\/nombresyapellidos\/index.htm\" target=\"_blank\" rel=\"noopener\"><i class=\"fas fa-link\"><\/i> Estad\u00edstica de Nombres y Apellidos de los Andaluces<\/a><\/p>\n<p>Y hacer las tareas:<\/p>\n<ul>\n<li>Obtener una tabla con los nombres m\u00e1s comunes para hombres y mujeres en tu municipio, as\u00ed como con los apellidos m\u00e1s comunes, anotando sus correspondientes frecuencias.<\/li>\n<li>Representar estos datos en un diagrama de barras.<\/li>\n<li>Contabiliza los nombres y apellidos de todos los alumnos de clase.<\/li>\n<li>Comprueba si los datos de los alumnos aparecen entre los nombres y apellidos m\u00e1s frecuentes.<\/li>\n<\/ul>\n<p>T\u00e9ngase en cuenta que las distintas generaciones tienen distintos nombres entre los m\u00e1s frecuentes, por lo que ser\u00eda normal que la generaci\u00f3n de la clase no representara los resultados expuestos para el total de Andaluc\u00eda.<\/p>\n<\/div><\/div><\/div><\/div><\/div><div class=\"fusion-fullwidth fullwidth-box fusion-builder-row-3 fusion-flex-container nonhundred-percent-fullwidth non-hundred-percent-height-scrolling\" style=\"--awb-border-radius-top-left:0px;--awb-border-radius-top-right:0px;--awb-border-radius-bottom-right:0px;--awb-border-radius-bottom-left:0px;\" ><div class=\"fusion-builder-row fusion-row fusion-flex-align-items-flex-start\" style=\"max-width:1216.8px;margin-left: calc(-4% \/ 2 );margin-right: calc(-4% \/ 2 );\"><div class=\"fusion-layout-column fusion_builder_column fusion-builder-column-6 fusion_builder_column_1_1 1_1 fusion-flex-column\" style=\"--awb-bg-size:cover;--awb-width-large:100%;--awb-margin-top-large:0px;--awb-spacing-right-large:1.92%;--awb-margin-bottom-large:0px;--awb-spacing-left-large:1.92%;--awb-width-medium:100%;--awb-order-medium:0;--awb-spacing-right-medium:1.92%;--awb-spacing-left-medium:1.92%;--awb-width-small:100%;--awb-order-small:0;--awb-spacing-right-small:1.92%;--awb-spacing-left-small:1.92%;\"><div class=\"fusion-column-wrapper fusion-column-has-shadow fusion-flex-justify-content-flex-start fusion-content-layout-column\"><div class=\"fusion-separator fusion-full-width-sep\" style=\"align-self: center;margin-left: auto;margin-right: auto;margin-top:40px;width:100%;\"><\/div><\/div><\/div><div class=\"fusion-layout-column fusion_builder_column fusion-builder-column-7 fusion_builder_column_1_1 1_1 fusion-flex-column\" style=\"--awb-bg-size:cover;--awb-width-large:100%;--awb-margin-top-large:0px;--awb-spacing-right-large:1.92%;--awb-margin-bottom-large:0px;--awb-spacing-left-large:1.92%;--awb-width-medium:100%;--awb-order-medium:0;--awb-spacing-right-medium:1.92%;--awb-spacing-left-medium:1.92%;--awb-width-small:100%;--awb-order-small:0;--awb-spacing-right-small:1.92%;--awb-spacing-left-small:1.92%;\"><div class=\"fusion-column-wrapper fusion-column-has-shadow fusion-flex-justify-content-flex-start fusion-content-layout-column\"><div class=\"fusion-text fusion-text-6\"><p>Hay que destacar que las b\u00fasquedas por nombre proporcionan adicionalmente la edad media de las personas que responden a ese nombre. As\u00ed, el nombre Erika corresponde a personas con una edad media de 17 a\u00f1os.<\/p>\n<\/div><\/div><\/div><div class=\"fusion-layout-column fusion_builder_column fusion-builder-column-8 fusion_builder_column_1_1 1_1 fusion-flex-column\" style=\"--awb-padding-top:30px;--awb-padding-right:30px;--awb-padding-bottom:30px;--awb-padding-left:30px;--awb-overflow:hidden;--awb-bg-color:#ffffff;--awb-bg-size:cover;--awb-box-shadow:0px 10px 21px 0px rgba(0,0,0,0.24);;--awb-border-color:#ffffff;--awb-border-top:4px;--awb-border-right:4px;--awb-border-bottom:4px;--awb-border-left:4px;--awb-border-style:solid;--awb-border-radius:8px 8px 8px 8px;--awb-width-large:100%;--awb-margin-top-large:0px;--awb-spacing-right-large:1.92%;--awb-margin-bottom-large:0px;--awb-spacing-left-large:1.92%;--awb-width-medium:100%;--awb-order-medium:0;--awb-spacing-right-medium:1.92%;--awb-spacing-left-medium:1.92%;--awb-width-small:100%;--awb-order-small:0;--awb-spacing-right-small:1.92%;--awb-spacing-left-small:1.92%;\"><div class=\"fusion-column-wrapper fusion-column-has-shadow fusion-flex-justify-content-flex-start fusion-content-layout-column\"><div class=\"fusion-text fusion-text-7\" style=\"--awb-content-alignment:center;--awb-text-color:#007134;\"><p style=\"text-align: center;\"><strong>Distribuci\u00f3n del nombre ERIKA en Andaluc\u00eda y sus provincias<\/strong><\/p>\n<\/div><div class=\"fusion-image-element \" style=\"text-align:center;--awb-caption-title-size:var(--h2_typography-font-size);--awb-caption-title-transform:var(--h2_typography-text-transform);--awb-caption-title-line-height:var(--h2_typography-line-height);--awb-caption-title-letter-spacing:var(--h2_typography-letter-spacing);\"><span class=\" fusion-imageframe imageframe-none imageframe-3 hover-type-none\"><a href=\"https:\/\/ws205.juntadeandalucia.es\/educaiecawp\/wp-content\/uploads\/2021\/09\/erika.png\" class=\"fusion-lightbox\" data-rel=\"iLightbox[e106506641b596e2bdf]\" data-title=\"erika\" title=\"erika\"><img decoding=\"async\" width=\"793\" height=\"860\" alt=\"Distribuci\u00f3n del nombre ERIKA en Andaluc\u00eda y sus provincias\" src=\"https:\/\/ws205.juntadeandalucia.es\/educaiecawp\/wp-content\/uploads\/2021\/09\/erika.png\" class=\"img-responsive wp-image-2103\" srcset=\"https:\/\/www.juntadeandalucia.es\/institutodeestadisticaycartografia\/educaieca-contenidos\/wp-content\/uploads\/2021\/09\/erika-200x217.png 200w, https:\/\/www.juntadeandalucia.es\/institutodeestadisticaycartografia\/educaieca-contenidos\/wp-content\/uploads\/2021\/09\/erika-400x434.png 400w, https:\/\/www.juntadeandalucia.es\/institutodeestadisticaycartografia\/educaieca-contenidos\/wp-content\/uploads\/2021\/09\/erika-600x651.png 600w, https:\/\/www.juntadeandalucia.es\/institutodeestadisticaycartografia\/educaieca-contenidos\/wp-content\/uploads\/2021\/09\/erika.png 793w\" sizes=\"(max-width: 1024px) 100vw, (max-width: 640px) 100vw, 793px\" \/><\/a><\/span><\/div><\/div><\/div><div class=\"fusion-layout-column fusion_builder_column fusion-builder-column-9 fusion_builder_column_1_1 1_1 fusion-flex-column\" style=\"--awb-bg-size:cover;--awb-width-large:100%;--awb-margin-top-large:0px;--awb-spacing-right-large:1.92%;--awb-margin-bottom-large:0px;--awb-spacing-left-large:1.92%;--awb-width-medium:100%;--awb-order-medium:0;--awb-spacing-right-medium:1.92%;--awb-spacing-left-medium:1.92%;--awb-width-small:100%;--awb-order-small:0;--awb-spacing-right-small:1.92%;--awb-spacing-left-small:1.92%;\"><div class=\"fusion-column-wrapper fusion-column-has-shadow fusion-flex-justify-content-flex-start fusion-content-layout-column\"><div class=\"fusion-separator fusion-full-width-sep\" style=\"align-self: center;margin-left: auto;margin-right: auto;margin-top:40px;width:100%;\"><\/div><\/div><\/div><\/div><\/div><div class=\"fusion-fullwidth fullwidth-box fusion-builder-row-4 fusion-flex-container ieca-card nonhundred-percent-fullwidth non-hundred-percent-height-scrolling\" style=\"--awb-border-radius-top-left:0px;--awb-border-radius-top-right:0px;--awb-border-radius-bottom-right:0px;--awb-border-radius-bottom-left:0px;--awb-padding-top:30px;--awb-padding-right:30px;--awb-padding-bottom:30px;--awb-padding-left:30px;--awb-background-color:#ffffff;--awb-box-shadow:0px 10px 21px 0px rgba(0,0,0,0.24);\" ><div class=\"fusion-builder-row fusion-row fusion-flex-align-items-flex-start\" style=\"max-width:1216.8px;margin-left: calc(-4% \/ 2 );margin-right: calc(-4% \/ 2 );\"><div class=\"fusion-layout-column fusion_builder_column fusion-builder-column-10 fusion_builder_column_1_1 1_1 fusion-flex-column fusion-flex-align-self-flex-end\" style=\"--awb-bg-size:cover;--awb-width-large:100%;--awb-margin-top-large:0px;--awb-spacing-right-large:1.92%;--awb-margin-bottom-large:0px;--awb-spacing-left-large:1.92%;--awb-width-medium:100%;--awb-order-medium:0;--awb-spacing-right-medium:1.92%;--awb-spacing-left-medium:1.92%;--awb-width-small:100%;--awb-order-small:0;--awb-spacing-right-small:1.92%;--awb-spacing-left-small:1.92%;\"><div class=\"fusion-column-wrapper fusion-column-has-shadow fusion-flex-justify-content-flex-start fusion-content-layout-column\"><div class=\"fusion-text fusion-text-8\" style=\"--awb-content-alignment:left;--awb-font-size:1.1rem;--awb-text-color:#007134;\"><p><i class=\"fas fa-pencil-ruler\"><\/i> <strong>Actividad: Cuesti\u00f3n de probabilidades<\/strong><\/p>\n<\/div><div class=\"fusion-text fusion-text-9\"><p>Si se trabaja con el concepto de probabilidad en clase, se puede plantear el siguiente ejercicio:<\/p>\n<p>Podemos aventurar c\u00f3mo se llama una persona bas\u00e1ndonos en el nombre m\u00e1s frecuente que cumple ciertas condiciones: lugar de residencia, si es hombre o mujer, o nacionalidad.<\/p>\n<p>Por ejemplo, \u00bfcu\u00e1l es el nombre completo de tu vecino de nacionalidad brit\u00e1nica? El nombre masculino y el apellido de esa nacionalidad con mayor frecuencia entre los residentes en Andaluc\u00eda nos dar\u00edan como respuesta m\u00e1s probable: John Smith.<\/p>\n<\/div><\/div><\/div><\/div><\/div><div class=\"fusion-fullwidth fullwidth-box fusion-builder-row-5 fusion-flex-container nonhundred-percent-fullwidth non-hundred-percent-height-scrolling\" style=\"--awb-border-radius-top-left:0px;--awb-border-radius-top-right:0px;--awb-border-radius-bottom-right:0px;--awb-border-radius-bottom-left:0px;\" ><div class=\"fusion-builder-row fusion-row fusion-flex-align-items-flex-start\" style=\"max-width:1216.8px;margin-left: calc(-4% \/ 2 );margin-right: calc(-4% \/ 2 );\"><div class=\"fusion-layout-column fusion_builder_column fusion-builder-column-11 fusion_builder_column_1_1 1_1 fusion-flex-column\" style=\"--awb-bg-size:cover;--awb-width-large:100%;--awb-margin-top-large:0px;--awb-spacing-right-large:1.92%;--awb-margin-bottom-large:0px;--awb-spacing-left-large:1.92%;--awb-width-medium:100%;--awb-order-medium:0;--awb-spacing-right-medium:1.92%;--awb-spacing-left-medium:1.92%;--awb-width-small:100%;--awb-order-small:0;--awb-spacing-right-small:1.92%;--awb-spacing-left-small:1.92%;\"><div class=\"fusion-column-wrapper fusion-column-has-shadow fusion-flex-justify-content-flex-start fusion-content-layout-column\"><div class=\"fusion-separator fusion-full-width-sep\" style=\"align-self: center;margin-left: auto;margin-right: auto;margin-top:40px;width:100%;\"><\/div><\/div><\/div><div class=\"fusion-layout-column fusion_builder_column fusion-builder-column-12 fusion_builder_column_1_1 1_1 fusion-flex-column\" style=\"--awb-bg-size:cover;--awb-width-large:100%;--awb-margin-top-large:0px;--awb-spacing-right-large:1.92%;--awb-margin-bottom-large:0px;--awb-spacing-left-large:1.92%;--awb-width-medium:100%;--awb-order-medium:0;--awb-spacing-right-medium:1.92%;--awb-spacing-left-medium:1.92%;--awb-width-small:100%;--awb-order-small:0;--awb-spacing-right-small:1.92%;--awb-spacing-left-small:1.92%;\"><div class=\"fusion-column-wrapper fusion-column-has-shadow fusion-flex-justify-content-flex-start fusion-content-layout-column\"><div class=\"fusion-text fusion-text-10\"><p>Esta informaci\u00f3n se puede complementar con la <strong>Estad\u00edstica de Nombres de los Reci\u00e9n Nacidos Andaluces<\/strong>, que permite igualmente ver los nombres m\u00e1s frecuentes llegando al detalle municipal.<\/p>\n<\/div><\/div><\/div><div class=\"fusion-layout-column fusion_builder_column fusion-builder-column-13 fusion_builder_column_1_1 1_1 fusion-flex-column\" style=\"--awb-bg-size:cover;--awb-width-large:100%;--awb-margin-top-large:0px;--awb-spacing-right-large:1.92%;--awb-margin-bottom-large:0px;--awb-spacing-left-large:1.92%;--awb-width-medium:100%;--awb-order-medium:0;--awb-spacing-right-medium:1.92%;--awb-spacing-left-medium:1.92%;--awb-width-small:100%;--awb-order-small:0;--awb-spacing-right-small:1.92%;--awb-spacing-left-small:1.92%;\"><div class=\"fusion-column-wrapper fusion-column-has-shadow fusion-flex-justify-content-flex-start fusion-content-layout-column\"><div class=\"fusion-separator fusion-full-width-sep\" style=\"align-self: center;margin-left: auto;margin-right: auto;margin-top:20px;width:100%;\"><\/div><div class=\"fusion-image-element \" style=\"text-align:center;--awb-caption-title-size:var(--h2_typography-font-size);--awb-caption-title-transform:var(--h2_typography-text-transform);--awb-caption-title-line-height:var(--h2_typography-line-height);--awb-caption-title-letter-spacing:var(--h2_typography-letter-spacing);\"><span class=\" fusion-imageframe imageframe-none imageframe-4 hover-type-none ieca-foto\"><a href=\"https:\/\/ws205.juntadeandalucia.es\/educaiecawp\/wp-content\/uploads\/2021\/09\/ieca-como-te-llamas-04.jpg\" class=\"fusion-lightbox\" data-rel=\"iLightbox[4623d9e8c2717339ee8]\" data-title=\"ieca-como-te-llamas-04\" title=\"ieca-como-te-llamas-04\"><img decoding=\"async\" width=\"613\" height=\"173\" src=\"https:\/\/ws205.juntadeandalucia.es\/educaiecawp\/wp-content\/uploads\/2021\/09\/ieca-como-te-llamas-04.jpg\" alt class=\"img-responsive wp-image-1592\" srcset=\"https:\/\/www.juntadeandalucia.es\/institutodeestadisticaycartografia\/educaieca-contenidos\/wp-content\/uploads\/2021\/09\/ieca-como-te-llamas-04-200x56.jpg 200w, https:\/\/www.juntadeandalucia.es\/institutodeestadisticaycartografia\/educaieca-contenidos\/wp-content\/uploads\/2021\/09\/ieca-como-te-llamas-04-400x113.jpg 400w, https:\/\/www.juntadeandalucia.es\/institutodeestadisticaycartografia\/educaieca-contenidos\/wp-content\/uploads\/2021\/09\/ieca-como-te-llamas-04-600x169.jpg 600w, https:\/\/www.juntadeandalucia.es\/institutodeestadisticaycartografia\/educaieca-contenidos\/wp-content\/uploads\/2021\/09\/ieca-como-te-llamas-04.jpg 613w\" sizes=\"(max-width: 1024px) 100vw, (max-width: 640px) 100vw, 613px\" \/><\/a><\/span><\/div><div class=\"fusion-separator fusion-full-width-sep\" style=\"align-self: center;margin-left: auto;margin-right: auto;margin-top:40px;width:100%;\"><\/div><\/div><\/div><div class=\"fusion-layout-column fusion_builder_column fusion-builder-column-14 fusion_builder_column_1_1 1_1 fusion-flex-column\" style=\"--awb-bg-size:cover;--awb-width-large:100%;--awb-margin-top-large:0px;--awb-spacing-right-large:1.92%;--awb-margin-bottom-large:0px;--awb-spacing-left-large:1.92%;--awb-width-medium:100%;--awb-order-medium:0;--awb-spacing-right-medium:1.92%;--awb-spacing-left-medium:1.92%;--awb-width-small:100%;--awb-order-small:0;--awb-spacing-right-small:1.92%;--awb-spacing-left-small:1.92%;\"><div class=\"fusion-column-wrapper fusion-column-has-shadow fusion-flex-justify-content-flex-start fusion-content-layout-column\"><div class=\"fusion-text fusion-text-11\"><p>Adem\u00e1s, es posible conocer si ese nombre se hereda del padre o la madre.<\/p>\n<\/div><div class=\"fusion-separator fusion-full-width-sep\" style=\"align-self: center;margin-left: auto;margin-right: auto;margin-top:40px;width:100%;\"><\/div><\/div><\/div><\/div><\/div><div class=\"fusion-fullwidth fullwidth-box fusion-builder-row-6 fusion-flex-container ieca-card nonhundred-percent-fullwidth non-hundred-percent-height-scrolling\" style=\"--awb-border-radius-top-left:0px;--awb-border-radius-top-right:0px;--awb-border-radius-bottom-right:0px;--awb-border-radius-bottom-left:0px;--awb-padding-top:30px;--awb-padding-right:30px;--awb-padding-bottom:30px;--awb-padding-left:30px;--awb-background-color:#ffffff;--awb-box-shadow:0px 10px 21px 0px rgba(0,0,0,0.24);\" ><div class=\"fusion-builder-row fusion-row fusion-flex-align-items-flex-start\" style=\"max-width:1216.8px;margin-left: calc(-4% \/ 2 );margin-right: calc(-4% \/ 2 );\"><div class=\"fusion-layout-column fusion_builder_column fusion-builder-column-15 fusion_builder_column_1_1 1_1 fusion-flex-column fusion-flex-align-self-flex-end\" style=\"--awb-bg-size:cover;--awb-width-large:100%;--awb-margin-top-large:0px;--awb-spacing-right-large:1.92%;--awb-margin-bottom-large:0px;--awb-spacing-left-large:1.92%;--awb-width-medium:100%;--awb-order-medium:0;--awb-spacing-right-medium:1.92%;--awb-spacing-left-medium:1.92%;--awb-width-small:100%;--awb-order-small:0;--awb-spacing-right-small:1.92%;--awb-spacing-left-small:1.92%;\"><div class=\"fusion-column-wrapper fusion-column-has-shadow fusion-flex-justify-content-flex-start fusion-content-layout-column\"><div class=\"fusion-text fusion-text-12\" style=\"--awb-content-alignment:left;--awb-font-size:1.1rem;--awb-text-color:#007134;\"><p><i class=\"fas fa-pencil-ruler\"><\/i> <strong>Otras actividades: Reci\u00e9n nacidos<\/strong><\/p>\n<\/div><div class=\"fusion-text fusion-text-13\"><p>Consultando esta otra estad\u00edstica:<\/p>\n<p><a href=\"https:\/\/www.juntadeandalucia.es\/institutodeestadisticaycartografia\/estnombres\/index.htm\"><i class=\"fas fa-link\"><\/i> Estad\u00edstica de Nombres de los Reci\u00e9n Nacidos Andaluces<\/a><\/p>\n<p>Los alumnos pueden:<\/p>\n<ul>\n<li>Comprobar si su nombre fue muy usado en Andaluc\u00eda en su a\u00f1o de nacimiento (datos disponibles desde 1996) y si sigue si\u00e9ndolo en las nuevas generaciones.<\/li>\n<li>Comparar los datos de frecuencias de los nombres de la clase con todos los reci\u00e9n nacidos en el mismo a\u00f1o que los alumnos, comprobando as\u00ed si la clase es representativa de los nacidos ese a\u00f1o.<\/li>\n<li>Contabilizar cu\u00e1ntos alumnos de clase heredan el nombre del padre o la madre, y comparar los resultados con los porcentajes de nombres heredados en Andaluc\u00eda.<\/li>\n<li>Observar c\u00f3mo se manifiestan las modas basadas en personajes famosos o influencias exteriores al aumentar las frecuencias de nombres sin tradici\u00f3n en Andaluc\u00eda, con apariciones como IKER, LEO, ENZO, EMMA o INDIRA. Para ello se puede consultar la <em>Evoluci\u00f3n de la frecuencia de un nombre<\/em>.<\/li>\n<\/ul>\n<\/div><\/div><\/div><\/div><\/div><div class=\"fusion-fullwidth fullwidth-box fusion-builder-row-7 fusion-flex-container nonhundred-percent-fullwidth non-hundred-percent-height-scrolling\" style=\"--awb-border-radius-top-left:0px;--awb-border-radius-top-right:0px;--awb-border-radius-bottom-right:0px;--awb-border-radius-bottom-left:0px;\" ><div class=\"fusion-builder-row fusion-row fusion-flex-align-items-flex-start\" style=\"max-width:1216.8px;margin-left: calc(-4% \/ 2 );margin-right: calc(-4% \/ 2 );\"><div class=\"fusion-layout-column fusion_builder_column fusion-builder-column-16 fusion_builder_column_1_1 1_1 fusion-flex-column\" style=\"--awb-bg-size:cover;--awb-width-large:100%;--awb-margin-top-large:0px;--awb-spacing-right-large:1.92%;--awb-margin-bottom-large:0px;--awb-spacing-left-large:1.92%;--awb-width-medium:100%;--awb-order-medium:0;--awb-spacing-right-medium:1.92%;--awb-spacing-left-medium:1.92%;--awb-width-small:100%;--awb-order-small:0;--awb-spacing-right-small:1.92%;--awb-spacing-left-small:1.92%;\"><div class=\"fusion-column-wrapper fusion-column-has-shadow fusion-flex-justify-content-flex-start fusion-content-layout-column\"><div class=\"fusion-separator fusion-full-width-sep\" style=\"align-self: center;margin-left: auto;margin-right: auto;margin-top:40px;width:100%;\"><\/div><\/div><\/div><\/div><\/div><\/p>\n","protected":false},"excerpt":{"rendered":"<p>Las actividades estad\u00edsticas sobre nombres y apellidos de los andaluces y nombres de los reci\u00e9n nacidos andaluces pueden dar mucho juego en clase. Esta unidad did\u00e1ctica contiene algunas orientaciones y propuestas.<\/p>\n","protected":false},"author":4,"featured_media":3354,"comment_status":"open","ping_status":"open","sticky":false,"template":"","format":"standard","meta":{"footnotes":""},"categories":[16],"tags":[],"class_list":["post-2491","post","type-post","status-publish","format-standard","has-post-thumbnail","hentry","category-actividad-estadistica"],"acf":[],"yoast_head":"<!-- This site is optimized with the Yoast SEO plugin v24.9 - https:\/\/yoast.com\/wordpress\/plugins\/seo\/ -->\n<title>\u00bfC\u00f3mo te llamas? - EDUCA IECA<\/title>\n<meta name=\"robots\" content=\"noindex, follow, max-snippet:-1, max-image-preview:large, max-video-preview:-1\" \/>\n<meta property=\"og:locale\" content=\"es_ES\" \/>\n<meta property=\"og:type\" content=\"article\" \/>\n<meta property=\"og:title\" content=\"\u00bfC\u00f3mo te llamas? - EDUCA IECA\" \/>\n<meta property=\"og:description\" content=\"Las actividades estad\u00edsticas sobre nombres y apellidos de los andaluces y nombres de los reci\u00e9n nacidos andaluces pueden dar mucho juego en clase. Esta unidad did\u00e1ctica contiene algunas orientaciones y propuestas.\" \/>\n<meta property=\"og:url\" content=\"https:\/\/www.juntadeandalucia.es\/institutodeestadisticaycartografia\/educaieca-contenidos\/como-te-llamas\/\" \/>\n<meta property=\"og:site_name\" content=\"EDUCA IECA\" \/>\n<meta property=\"article:published_time\" content=\"2021-09-29T08:28:53+00:00\" \/>\n<meta property=\"article:modified_time\" content=\"2022-09-19T10:55:37+00:00\" \/>\n<meta property=\"og:image\" content=\"https:\/\/www.juntadeandalucia.es\/institutodeestadisticaycartografia\/educaieca-contenidos\/wp-content\/uploads\/2021\/09\/Portada-como-te-llamas.jpg\" \/>\n\t<meta property=\"og:image:width\" content=\"827\" \/>\n\t<meta property=\"og:image:height\" content=\"1172\" \/>\n\t<meta property=\"og:image:type\" content=\"image\/jpeg\" \/>\n<meta name=\"author\" content=\"Diego Iglesias\" \/>\n<meta name=\"twitter:card\" content=\"summary_large_image\" \/>\n<meta name=\"twitter:label1\" content=\"Escrito por\" \/>\n\t<meta name=\"twitter:data1\" content=\"Diego Iglesias\" \/>\n\t<meta name=\"twitter:label2\" content=\"Tiempo de lectura\" \/>\n\t<meta name=\"twitter:data2\" content=\"18 minutos\" \/>\n<script type=\"application\/ld+json\" class=\"yoast-schema-graph\">{\"@context\":\"https:\/\/schema.org\",\"@graph\":[{\"@type\":\"WebPage\",\"@id\":\"https:\/\/www.juntadeandalucia.es\/institutodeestadisticaycartografia\/educaieca-contenidos\/como-te-llamas\/\",\"url\":\"https:\/\/www.juntadeandalucia.es\/institutodeestadisticaycartografia\/educaieca-contenidos\/como-te-llamas\/\",\"name\":\"\u00bfC\u00f3mo te llamas? - EDUCA IECA\",\"isPartOf\":{\"@id\":\"https:\/\/www.juntadeandalucia.es\/institutodeestadisticaycartografia\/educaieca-contenidos\/#website\"},\"primaryImageOfPage\":{\"@id\":\"https:\/\/www.juntadeandalucia.es\/institutodeestadisticaycartografia\/educaieca-contenidos\/como-te-llamas\/#primaryimage\"},\"image\":{\"@id\":\"https:\/\/www.juntadeandalucia.es\/institutodeestadisticaycartografia\/educaieca-contenidos\/como-te-llamas\/#primaryimage\"},\"thumbnailUrl\":\"https:\/\/www.juntadeandalucia.es\/institutodeestadisticaycartografia\/educaieca-contenidos\/wp-content\/uploads\/2021\/09\/Portada-como-te-llamas.jpg\",\"datePublished\":\"2021-09-29T08:28:53+00:00\",\"dateModified\":\"2022-09-19T10:55:37+00:00\",\"author\":{\"@id\":\"https:\/\/www.juntadeandalucia.es\/institutodeestadisticaycartografia\/educaieca-contenidos\/#\/schema\/person\/51bb16547330f47e6bfbe0bb1f8aaca6\"},\"inLanguage\":\"es\",\"potentialAction\":[{\"@type\":\"ReadAction\",\"target\":[\"https:\/\/www.juntadeandalucia.es\/institutodeestadisticaycartografia\/educaieca-contenidos\/como-te-llamas\/\"]}]},{\"@type\":\"ImageObject\",\"inLanguage\":\"es\",\"@id\":\"https:\/\/www.juntadeandalucia.es\/institutodeestadisticaycartografia\/educaieca-contenidos\/como-te-llamas\/#primaryimage\",\"url\":\"https:\/\/www.juntadeandalucia.es\/institutodeestadisticaycartografia\/educaieca-contenidos\/wp-content\/uploads\/2021\/09\/Portada-como-te-llamas.jpg\",\"contentUrl\":\"https:\/\/www.juntadeandalucia.es\/institutodeestadisticaycartografia\/educaieca-contenidos\/wp-content\/uploads\/2021\/09\/Portada-como-te-llamas.jpg\",\"width\":827,\"height\":1172,\"caption\":\"Portada \u00bfC\u00f3mo te llamas?\"},{\"@type\":\"WebSite\",\"@id\":\"https:\/\/www.juntadeandalucia.es\/institutodeestadisticaycartografia\/educaieca-contenidos\/#website\",\"url\":\"https:\/\/www.juntadeandalucia.es\/institutodeestadisticaycartografia\/educaieca-contenidos\/\",\"name\":\"EDUCA IECA\",\"description\":\"Portal educativo del Instituto de Estad\u00edstica y Cartograf\u00eda de Andaluc\u00eda\",\"potentialAction\":[{\"@type\":\"SearchAction\",\"target\":{\"@type\":\"EntryPoint\",\"urlTemplate\":\"https:\/\/www.juntadeandalucia.es\/institutodeestadisticaycartografia\/educaieca-contenidos\/?s={search_term_string}\"},\"query-input\":{\"@type\":\"PropertyValueSpecification\",\"valueRequired\":true,\"valueName\":\"search_term_string\"}}],\"inLanguage\":\"es\"},{\"@type\":\"Person\",\"@id\":\"https:\/\/www.juntadeandalucia.es\/institutodeestadisticaycartografia\/educaieca-contenidos\/#\/schema\/person\/51bb16547330f47e6bfbe0bb1f8aaca6\",\"name\":\"Diego Iglesias\",\"image\":{\"@type\":\"ImageObject\",\"inLanguage\":\"es\",\"@id\":\"https:\/\/www.juntadeandalucia.es\/institutodeestadisticaycartografia\/educaieca-contenidos\/#\/schema\/person\/image\/\",\"url\":\"https:\/\/secure.gravatar.com\/avatar\/e34ded2b6037a9c5323976a2ddeabbcab62d40153ab45f3da5d847bec7cde9c9?s=96&d=mm&r=g\",\"contentUrl\":\"https:\/\/secure.gravatar.com\/avatar\/e34ded2b6037a9c5323976a2ddeabbcab62d40153ab45f3da5d847bec7cde9c9?s=96&d=mm&r=g\",\"caption\":\"Diego Iglesias\"},\"url\":\"https:\/\/www.juntadeandalucia.es\/institutodeestadisticaycartografia\/educaieca-contenidos\/author\/diegod-iglesiasjuntadeandalucia-es\/\"}]}<\/script>\n<!-- \/ Yoast SEO plugin. -->","yoast_head_json":{"title":"\u00bfC\u00f3mo te llamas? - EDUCA IECA","robots":{"index":"noindex","follow":"follow","max-snippet":"max-snippet:-1","max-image-preview":"max-image-preview:large","max-video-preview":"max-video-preview:-1"},"og_locale":"es_ES","og_type":"article","og_title":"\u00bfC\u00f3mo te llamas? - EDUCA IECA","og_description":"Las actividades estad\u00edsticas sobre nombres y apellidos de los andaluces y nombres de los reci\u00e9n nacidos andaluces pueden dar mucho juego en clase. Esta unidad did\u00e1ctica contiene algunas orientaciones y propuestas.","og_url":"https:\/\/www.juntadeandalucia.es\/institutodeestadisticaycartografia\/educaieca-contenidos\/como-te-llamas\/","og_site_name":"EDUCA IECA","article_published_time":"2021-09-29T08:28:53+00:00","article_modified_time":"2022-09-19T10:55:37+00:00","og_image":[{"width":827,"height":1172,"url":"https:\/\/www.juntadeandalucia.es\/institutodeestadisticaycartografia\/educaieca-contenidos\/wp-content\/uploads\/2021\/09\/Portada-como-te-llamas.jpg","type":"image\/jpeg"}],"author":"Diego Iglesias","twitter_card":"summary_large_image","twitter_misc":{"Escrito por":"Diego Iglesias","Tiempo de lectura":"18 minutos"},"schema":{"@context":"https:\/\/schema.org","@graph":[{"@type":"WebPage","@id":"https:\/\/www.juntadeandalucia.es\/institutodeestadisticaycartografia\/educaieca-contenidos\/como-te-llamas\/","url":"https:\/\/www.juntadeandalucia.es\/institutodeestadisticaycartografia\/educaieca-contenidos\/como-te-llamas\/","name":"\u00bfC\u00f3mo te llamas? - EDUCA IECA","isPartOf":{"@id":"https:\/\/www.juntadeandalucia.es\/institutodeestadisticaycartografia\/educaieca-contenidos\/#website"},"primaryImageOfPage":{"@id":"https:\/\/www.juntadeandalucia.es\/institutodeestadisticaycartografia\/educaieca-contenidos\/como-te-llamas\/#primaryimage"},"image":{"@id":"https:\/\/www.juntadeandalucia.es\/institutodeestadisticaycartografia\/educaieca-contenidos\/como-te-llamas\/#primaryimage"},"thumbnailUrl":"https:\/\/www.juntadeandalucia.es\/institutodeestadisticaycartografia\/educaieca-contenidos\/wp-content\/uploads\/2021\/09\/Portada-como-te-llamas.jpg","datePublished":"2021-09-29T08:28:53+00:00","dateModified":"2022-09-19T10:55:37+00:00","author":{"@id":"https:\/\/www.juntadeandalucia.es\/institutodeestadisticaycartografia\/educaieca-contenidos\/#\/schema\/person\/51bb16547330f47e6bfbe0bb1f8aaca6"},"inLanguage":"es","potentialAction":[{"@type":"ReadAction","target":["https:\/\/www.juntadeandalucia.es\/institutodeestadisticaycartografia\/educaieca-contenidos\/como-te-llamas\/"]}]},{"@type":"ImageObject","inLanguage":"es","@id":"https:\/\/www.juntadeandalucia.es\/institutodeestadisticaycartografia\/educaieca-contenidos\/como-te-llamas\/#primaryimage","url":"https:\/\/www.juntadeandalucia.es\/institutodeestadisticaycartografia\/educaieca-contenidos\/wp-content\/uploads\/2021\/09\/Portada-como-te-llamas.jpg","contentUrl":"https:\/\/www.juntadeandalucia.es\/institutodeestadisticaycartografia\/educaieca-contenidos\/wp-content\/uploads\/2021\/09\/Portada-como-te-llamas.jpg","width":827,"height":1172,"caption":"Portada \u00bfC\u00f3mo te llamas?"},{"@type":"WebSite","@id":"https:\/\/www.juntadeandalucia.es\/institutodeestadisticaycartografia\/educaieca-contenidos\/#website","url":"https:\/\/www.juntadeandalucia.es\/institutodeestadisticaycartografia\/educaieca-contenidos\/","name":"EDUCA IECA","description":"Portal educativo del Instituto de Estad\u00edstica y Cartograf\u00eda de Andaluc\u00eda","potentialAction":[{"@type":"SearchAction","target":{"@type":"EntryPoint","urlTemplate":"https:\/\/www.juntadeandalucia.es\/institutodeestadisticaycartografia\/educaieca-contenidos\/?s={search_term_string}"},"query-input":{"@type":"PropertyValueSpecification","valueRequired":true,"valueName":"search_term_string"}}],"inLanguage":"es"},{"@type":"Person","@id":"https:\/\/www.juntadeandalucia.es\/institutodeestadisticaycartografia\/educaieca-contenidos\/#\/schema\/person\/51bb16547330f47e6bfbe0bb1f8aaca6","name":"Diego Iglesias","image":{"@type":"ImageObject","inLanguage":"es","@id":"https:\/\/www.juntadeandalucia.es\/institutodeestadisticaycartografia\/educaieca-contenidos\/#\/schema\/person\/image\/","url":"https:\/\/secure.gravatar.com\/avatar\/e34ded2b6037a9c5323976a2ddeabbcab62d40153ab45f3da5d847bec7cde9c9?s=96&d=mm&r=g","contentUrl":"https:\/\/secure.gravatar.com\/avatar\/e34ded2b6037a9c5323976a2ddeabbcab62d40153ab45f3da5d847bec7cde9c9?s=96&d=mm&r=g","caption":"Diego Iglesias"},"url":"https:\/\/www.juntadeandalucia.es\/institutodeestadisticaycartografia\/educaieca-contenidos\/author\/diegod-iglesiasjuntadeandalucia-es\/"}]}},"_links":{"self":[{"href":"https:\/\/www.juntadeandalucia.es\/institutodeestadisticaycartografia\/educaieca-contenidos\/wp-json\/wp\/v2\/posts\/2491","targetHints":{"allow":["GET"]}}],"collection":[{"href":"https:\/\/www.juntadeandalucia.es\/institutodeestadisticaycartografia\/educaieca-contenidos\/wp-json\/wp\/v2\/posts"}],"about":[{"href":"https:\/\/www.juntadeandalucia.es\/institutodeestadisticaycartografia\/educaieca-contenidos\/wp-json\/wp\/v2\/types\/post"}],"author":[{"embeddable":true,"href":"https:\/\/www.juntadeandalucia.es\/institutodeestadisticaycartografia\/educaieca-contenidos\/wp-json\/wp\/v2\/users\/4"}],"replies":[{"embeddable":true,"href":"https:\/\/www.juntadeandalucia.es\/institutodeestadisticaycartografia\/educaieca-contenidos\/wp-json\/wp\/v2\/comments?post=2491"}],"version-history":[{"count":1,"href":"https:\/\/www.juntadeandalucia.es\/institutodeestadisticaycartografia\/educaieca-contenidos\/wp-json\/wp\/v2\/posts\/2491\/revisions"}],"predecessor-version":[{"id":3356,"href":"https:\/\/www.juntadeandalucia.es\/institutodeestadisticaycartografia\/educaieca-contenidos\/wp-json\/wp\/v2\/posts\/2491\/revisions\/3356"}],"wp:featuredmedia":[{"embeddable":true,"href":"https:\/\/www.juntadeandalucia.es\/institutodeestadisticaycartografia\/educaieca-contenidos\/wp-json\/wp\/v2\/media\/3354"}],"wp:attachment":[{"href":"https:\/\/www.juntadeandalucia.es\/institutodeestadisticaycartografia\/educaieca-contenidos\/wp-json\/wp\/v2\/media?parent=2491"}],"wp:term":[{"taxonomy":"category","embeddable":true,"href":"https:\/\/www.juntadeandalucia.es\/institutodeestadisticaycartografia\/educaieca-contenidos\/wp-json\/wp\/v2\/categories?post=2491"},{"taxonomy":"post_tag","embeddable":true,"href":"https:\/\/www.juntadeandalucia.es\/institutodeestadisticaycartografia\/educaieca-contenidos\/wp-json\/wp\/v2\/tags?post=2491"}],"curies":[{"name":"wp","href":"https:\/\/api.w.org\/{rel}","templated":true}]}}