{"id":5568,"date":"2025-10-15T08:28:56","date_gmt":"2025-10-15T06:28:56","guid":{"rendered":"https:\/\/www.juntadeandalucia.es\/institutodeestadisticaycartografia\/educaieca-contenidos\/?p=5568"},"modified":"2025-10-15T08:28:56","modified_gmt":"2025-10-15T06:28:56","slug":"rio-tinto","status":"publish","type":"post","link":"https:\/\/www.juntadeandalucia.es\/institutodeestadisticaycartografia\/educaieca-contenidos\/rio-tinto\/","title":{"rendered":"R\u00edo Tinto"},"content":{"rendered":"<div class=\"fusion-fullwidth fullwidth-box fusion-builder-row-1 fusion-flex-container has-pattern-background has-mask-background nonhundred-percent-fullwidth non-hundred-percent-height-scrolling\" style=\"--awb-border-radius-top-left:0px;--awb-border-radius-top-right:0px;--awb-border-radius-bottom-right:0px;--awb-border-radius-bottom-left:0px;\" ><div class=\"fusion-builder-row fusion-row fusion-flex-align-items-flex-start fusion-flex-justify-content-center\" style=\"max-width:1216.8px;margin-left: calc(-4% \/ 2 );margin-right: calc(-4% \/ 2 );\"><div class=\"fusion-layout-column fusion_builder_column fusion-builder-column-0 fusion_builder_column_1_1 1_1 fusion-flex-column\" style=\"--awb-bg-size:cover;--awb-width-large:100%;--awb-margin-top-large:0px;--awb-spacing-right-large:1.92%;--awb-margin-bottom-large:0px;--awb-spacing-left-large:1.92%;--awb-width-medium:100%;--awb-order-medium:0;--awb-spacing-right-medium:1.92%;--awb-spacing-left-medium:1.92%;--awb-width-small:100%;--awb-order-small:0;--awb-spacing-right-small:1.92%;--awb-spacing-left-small:1.92%;\"><div class=\"fusion-column-wrapper fusion-column-has-shadow fusion-flex-justify-content-flex-start fusion-content-layout-column\"><div class=\"fusion-text fusion-text-1\"><p>El r\u00edo Tinto discurre por completo en la provincia de <strong>Huelva<\/strong>. Su <strong>nacimiento<\/strong> se ubica en la Sierra de Padre Caro (Nerva) y recorre <strong>casi 100 km<\/strong> hasta terminar uni\u00e9ndose al r\u00edo Odiel en la r\u00eda de Huelva.<\/p>\n<\/div><div class=\"fusion-separator fusion-full-width-sep\" style=\"align-self: center;margin-left: auto;margin-right: auto;margin-top:40px;width:100%;\"><\/div><\/div><\/div><div class=\"fusion-layout-column fusion_builder_column fusion-builder-column-1 fusion_builder_column_1_1 1_1 fusion-flex-column fusion-flex-align-self-center\" style=\"--awb-padding-top:30px;--awb-padding-right:30px;--awb-padding-bottom:30px;--awb-padding-left:30px;--awb-overflow:hidden;--awb-bg-color:#ffffff;--awb-bg-size:cover;--awb-box-shadow:0px 10px 21px 0px rgba(0,0,0,0.24);;--awb-border-color:#ffffff;--awb-border-top:4px;--awb-border-right:4px;--awb-border-left:4px;--awb-border-style:solid;--awb-border-radius:8px 8px 8px 8px;--awb-width-large:100%;--awb-margin-top-large:7px;--awb-spacing-right-large:1.92%;--awb-margin-bottom-large:7px;--awb-spacing-left-large:1.92%;--awb-width-medium:100%;--awb-order-medium:0;--awb-spacing-right-medium:1.92%;--awb-spacing-left-medium:1.92%;--awb-width-small:100%;--awb-order-small:0;--awb-spacing-right-small:1.92%;--awb-spacing-left-small:1.92%;\"><div class=\"fusion-column-wrapper fusion-column-has-shadow fusion-flex-justify-content-center fusion-content-layout-column\"><div class=\"fusion-text fusion-text-2\" style=\"--awb-text-color:#007134;\"><p style=\"text-align: center;\"><strong>Curso del r\u00edo Tinto<\/strong><\/p>\n<\/div><div class=\"fusion-image-element \" style=\"text-align:center;--awb-caption-title-size:var(--h2_typography-font-size);--awb-caption-title-transform:var(--h2_typography-text-transform);--awb-caption-title-line-height:var(--h2_typography-line-height);--awb-caption-title-letter-spacing:var(--h2_typography-letter-spacing);\"><span class=\" fusion-imageframe imageframe-none imageframe-1 hover-type-none\"><img decoding=\"async\" width=\"978\" height=\"620\" alt=\"Curso del r\u00edo Tinto\" title=\"rio-tinto\" src=\"https:\/\/www.juntadeandalucia.es\/institutodeestadisticaycartografia\/educaieca-contenidos\/wp-content\/uploads\/2025\/09\/rio-tinto.jpg\" class=\"img-responsive wp-image-5569\" srcset=\"https:\/\/www.juntadeandalucia.es\/institutodeestadisticaycartografia\/educaieca-contenidos\/wp-content\/uploads\/2025\/09\/rio-tinto-200x127.jpg 200w, https:\/\/www.juntadeandalucia.es\/institutodeestadisticaycartografia\/educaieca-contenidos\/wp-content\/uploads\/2025\/09\/rio-tinto-400x254.jpg 400w, https:\/\/www.juntadeandalucia.es\/institutodeestadisticaycartografia\/educaieca-contenidos\/wp-content\/uploads\/2025\/09\/rio-tinto-600x380.jpg 600w, https:\/\/www.juntadeandalucia.es\/institutodeestadisticaycartografia\/educaieca-contenidos\/wp-content\/uploads\/2025\/09\/rio-tinto-800x507.jpg 800w, https:\/\/www.juntadeandalucia.es\/institutodeestadisticaycartografia\/educaieca-contenidos\/wp-content\/uploads\/2025\/09\/rio-tinto.jpg 978w\" sizes=\"(max-width: 1024px) 100vw, (max-width: 640px) 100vw, 978px\" \/><\/span><\/div><div class=\"fusion-separator fusion-full-width-sep\" style=\"align-self: center;margin-left: auto;margin-right: auto;margin-top:40px;width:100%;\"><\/div><div class=\"fusion-text fusion-text-3\"><p>Curso del r\u00edo Tinto sobre color azul en la parte oeste de Andaluc\u00eda.<\/p>\n<\/div><div class=\"fusion-separator fusion-full-width-sep\" style=\"align-self: center;margin-left: auto;margin-right: auto;margin-top:40px;width:100%;\"><\/div><div class=\"fusion-image-element \" style=\"text-align:center;--awb-caption-title-size:var(--h2_typography-font-size);--awb-caption-title-transform:var(--h2_typography-text-transform);--awb-caption-title-line-height:var(--h2_typography-line-height);--awb-caption-title-letter-spacing:var(--h2_typography-letter-spacing);\"><span class=\" fusion-imageframe imageframe-none imageframe-2 hover-type-none\"><img decoding=\"async\" width=\"978\" height=\"620\" title=\"rio-tinto-huelva\" src=\"https:\/\/www.juntadeandalucia.es\/institutodeestadisticaycartografia\/educaieca-contenidos\/wp-content\/uploads\/2025\/09\/rio-tinto-huelva.jpg\" alt class=\"img-responsive wp-image-5570\" srcset=\"https:\/\/www.juntadeandalucia.es\/institutodeestadisticaycartografia\/educaieca-contenidos\/wp-content\/uploads\/2025\/09\/rio-tinto-huelva-200x127.jpg 200w, https:\/\/www.juntadeandalucia.es\/institutodeestadisticaycartografia\/educaieca-contenidos\/wp-content\/uploads\/2025\/09\/rio-tinto-huelva-400x254.jpg 400w, https:\/\/www.juntadeandalucia.es\/institutodeestadisticaycartografia\/educaieca-contenidos\/wp-content\/uploads\/2025\/09\/rio-tinto-huelva-600x380.jpg 600w, https:\/\/www.juntadeandalucia.es\/institutodeestadisticaycartografia\/educaieca-contenidos\/wp-content\/uploads\/2025\/09\/rio-tinto-huelva-800x507.jpg 800w, https:\/\/www.juntadeandalucia.es\/institutodeestadisticaycartografia\/educaieca-contenidos\/wp-content\/uploads\/2025\/09\/rio-tinto-huelva.jpg 978w\" sizes=\"(max-width: 1024px) 100vw, (max-width: 640px) 100vw, 978px\" \/><\/span><\/div><div class=\"fusion-separator fusion-full-width-sep\" style=\"align-self: center;margin-left: auto;margin-right: auto;margin-top:40px;width:100%;\"><\/div><div class=\"fusion-text fusion-text-4\"><p>Detalle sobre la provincia de Huelva.<\/p>\n<p><a href=\"https:\/\/www.juntadeandalucia.es\/institutodeestadisticaycartografia\/dega\/datos-espaciales-de-referencia-de-andalucia-dera\" target=\"_blank\" rel=\"noopener\">Datos Espaciales de Referencia de Andaluc\u00eda (DERA)<\/a> y <a href=\"https:\/\/www.juntadeandalucia.es\/institutodeestadisticaycartografia\/dega\/modelos-digitales-del-terreno-mdt-de-andalucia\" target=\"_blank\" rel=\"noopener\">Modelo Digital del Terreno<\/a><\/p>\n<\/div><\/div><\/div><div class=\"fusion-layout-column fusion_builder_column fusion-builder-column-2 fusion_builder_column_1_1 1_1 fusion-flex-column\" style=\"--awb-bg-size:cover;--awb-width-large:100%;--awb-margin-top-large:0px;--awb-spacing-right-large:1.92%;--awb-margin-bottom-large:0px;--awb-spacing-left-large:1.92%;--awb-width-medium:100%;--awb-order-medium:0;--awb-spacing-right-medium:1.92%;--awb-spacing-left-medium:1.92%;--awb-width-small:100%;--awb-order-small:0;--awb-spacing-right-small:1.92%;--awb-spacing-left-small:1.92%;\"><div class=\"fusion-column-wrapper fusion-column-has-shadow fusion-flex-justify-content-flex-start fusion-content-layout-column\"><div class=\"fusion-separator fusion-full-width-sep\" style=\"align-self: center;margin-left: auto;margin-right: auto;margin-top:40px;width:100%;\"><\/div><div class=\"fusion-text fusion-text-5\"><p>Desde su nacimiento, el r\u00edo pasa entre las localidades de <strong>Minas de Riotinto<\/strong> y <strong>Nerva<\/strong>, en el contexto de la <strong>explotaci\u00f3n minera<\/strong> que explica su peculiaridad. De hecho, el origen de estas dos poblaciones es el de residencia para los trabajadores de las minas. Esta parte del territorio onubense ha sido explotada desde la antig\u00fcedad por su riqueza minero-metal\u00fargica al tratarse de un \u00e1rea con una de las mayores concentraciones de sulfuros del mundo, aunque su explotaci\u00f3n masiva se iniciar\u00eda con la civilizaci\u00f3n romana. En la Edad Moderna las explotaciones mineras pasaron al Estado, que las administr\u00f3 hasta que en 1873 se vendieron al consorcio brit\u00e1nico <em>R\u00edo Tinto Company Limited<\/em>, convirti\u00e9ndolas en la <strong>mayor mina a cielo abierto de Europa<\/strong> gracias a una explotaci\u00f3n masiva de los recursos para obtenci\u00f3n de cobre y azufre. Desde hace d\u00e9cadas las minas han vivido ciclos de actividad y cierre.<\/p>\n<\/div><div class=\"fusion-separator fusion-full-width-sep\" style=\"align-self: center;margin-left: auto;margin-right: auto;margin-top:40px;width:100%;\"><\/div><\/div><\/div><div class=\"fusion-layout-column fusion_builder_column fusion-builder-column-3 fusion_builder_column_1_1 1_1 fusion-flex-column fusion-flex-align-self-center\" style=\"--awb-padding-top:30px;--awb-padding-right:30px;--awb-padding-bottom:30px;--awb-padding-left:30px;--awb-overflow:hidden;--awb-bg-color:#ffffff;--awb-bg-size:cover;--awb-box-shadow:0px 10px 21px 0px rgba(0,0,0,0.24);;--awb-border-color:#ffffff;--awb-border-top:4px;--awb-border-right:4px;--awb-border-left:4px;--awb-border-style:solid;--awb-border-radius:8px 8px 8px 8px;--awb-width-large:100%;--awb-margin-top-large:7px;--awb-spacing-right-large:1.92%;--awb-margin-bottom-large:7px;--awb-spacing-left-large:1.92%;--awb-width-medium:100%;--awb-order-medium:0;--awb-spacing-right-medium:1.92%;--awb-spacing-left-medium:1.92%;--awb-width-small:100%;--awb-order-small:0;--awb-spacing-right-small:1.92%;--awb-spacing-left-small:1.92%;\"><div class=\"fusion-column-wrapper fusion-column-has-shadow fusion-flex-justify-content-center fusion-content-layout-column\"><div class=\"fusion-text fusion-text-6\" style=\"--awb-text-color:#007134;\"><p style=\"text-align: center;\"><strong>Nacimiento del r\u00edo Tinto<\/strong><\/p>\n<\/div><div class=\"fusion-image-element \" style=\"text-align:center;--awb-caption-title-size:var(--h2_typography-font-size);--awb-caption-title-transform:var(--h2_typography-text-transform);--awb-caption-title-line-height:var(--h2_typography-line-height);--awb-caption-title-letter-spacing:var(--h2_typography-letter-spacing);\"><span class=\" fusion-imageframe imageframe-none imageframe-3 hover-type-none\"><img decoding=\"async\" width=\"1011\" height=\"612\" title=\"rio-tinto-nacimiento\" src=\"https:\/\/www.juntadeandalucia.es\/institutodeestadisticaycartografia\/educaieca-contenidos\/wp-content\/uploads\/2025\/09\/rio-tinto-nacimiento.jpg\" alt class=\"img-responsive wp-image-5571\" srcset=\"https:\/\/www.juntadeandalucia.es\/institutodeestadisticaycartografia\/educaieca-contenidos\/wp-content\/uploads\/2025\/09\/rio-tinto-nacimiento-200x121.jpg 200w, https:\/\/www.juntadeandalucia.es\/institutodeestadisticaycartografia\/educaieca-contenidos\/wp-content\/uploads\/2025\/09\/rio-tinto-nacimiento-400x242.jpg 400w, https:\/\/www.juntadeandalucia.es\/institutodeestadisticaycartografia\/educaieca-contenidos\/wp-content\/uploads\/2025\/09\/rio-tinto-nacimiento-600x363.jpg 600w, https:\/\/www.juntadeandalucia.es\/institutodeestadisticaycartografia\/educaieca-contenidos\/wp-content\/uploads\/2025\/09\/rio-tinto-nacimiento-800x484.jpg 800w, https:\/\/www.juntadeandalucia.es\/institutodeestadisticaycartografia\/educaieca-contenidos\/wp-content\/uploads\/2025\/09\/rio-tinto-nacimiento.jpg 1011w\" sizes=\"(max-width: 1024px) 100vw, (max-width: 640px) 100vw, 1011px\" \/><\/span><\/div><div class=\"fusion-separator fusion-full-width-sep\" style=\"align-self: center;margin-left: auto;margin-right: auto;margin-top:40px;width:100%;\"><\/div><div class=\"fusion-text fusion-text-7\"><p>Ortofotograf\u00eda del a\u00f1o 2022<\/p>\n<\/div><\/div><\/div><div class=\"fusion-layout-column fusion_builder_column fusion-builder-column-4 fusion_builder_column_1_1 1_1 fusion-flex-column\" style=\"--awb-bg-size:cover;--awb-width-large:100%;--awb-margin-top-large:0px;--awb-spacing-right-large:1.92%;--awb-margin-bottom-large:0px;--awb-spacing-left-large:1.92%;--awb-width-medium:100%;--awb-order-medium:0;--awb-spacing-right-medium:1.92%;--awb-spacing-left-medium:1.92%;--awb-width-small:100%;--awb-order-small:0;--awb-spacing-right-small:1.92%;--awb-spacing-left-small:1.92%;\"><div class=\"fusion-column-wrapper fusion-column-has-shadow fusion-flex-justify-content-flex-start fusion-content-layout-column\"><div class=\"fusion-separator fusion-full-width-sep\" style=\"align-self: center;margin-left: auto;margin-right: auto;margin-top:40px;width:100%;\"><\/div><div class=\"fusion-text fusion-text-8\"><p>En las proximidades de este entorno destacan el <strong>embalse de Goss\u00e1n \u2013 Cobre<\/strong>, que recoge los residuos de la actividad minera con una capacidad m\u00e1xima de 90 millones de toneladas de lodos con altas concentraciones de metales, sobre todo hierro, cobre y zinc, con altos contenidos de ars\u00e9nico y cianuro; as\u00ed como la <strong>corta Atalaya<\/strong>, un enorme \u201ccr\u00e1ter\u201d labrado a mano por miles de mineros en forma de bancales. La cavidad tiene forma el\u00edptica y unas dimensiones de 1.200 metros de di\u00e1metro en la parte m\u00e1s ancha y unos 900 metros por la m\u00e1s estrecha, as\u00ed como 365 metros de profundidad.<\/p>\n<p>Este origen, combinaci\u00f3n de condiciones naturales y de la actividad humana, hace que el r\u00edo presente <strong>aguas de color rojizo<\/strong> intenso muy \u00e1cidas y con altas concentraciones de metales pesados y presencia de compuestos qu\u00edmicos t\u00f3xicos. A\u00fan as\u00ed, existe vida en sus aguas: una diversidad de microorganismos adaptados a este medio tan hostil. Su existencia y las propias condiciones del entorno han atra\u00eddo a organizaciones como la NASA, la Agencia Espacial Europea (ESA) o el Consejo Superior de Investigaciones Cient\u00edficas (CSIC), entre otros, por su parecido con el <strong>planeta Marte<\/strong>. El estudio en este medio est\u00e1 ayudando a preparar misiones al planeta rojo y a la comprensi\u00f3n de la posible existencia de formas de vida en condiciones extremas similares fuera de la Tierra.<\/p>\n<\/div><div class=\"fusion-separator fusion-full-width-sep\" style=\"align-self: center;margin-left: auto;margin-right: auto;margin-top:40px;width:100%;\"><\/div><\/div><\/div><div class=\"fusion-layout-column fusion_builder_column fusion-builder-column-5 fusion_builder_column_1_1 1_1 fusion-flex-column fusion-flex-align-self-center\" style=\"--awb-padding-top:30px;--awb-padding-right:30px;--awb-padding-bottom:30px;--awb-padding-left:30px;--awb-overflow:hidden;--awb-bg-color:#ffffff;--awb-bg-size:cover;--awb-box-shadow:0px 10px 21px 0px rgba(0,0,0,0.24);;--awb-border-color:#ffffff;--awb-border-top:4px;--awb-border-right:4px;--awb-border-left:4px;--awb-border-style:solid;--awb-border-radius:8px 8px 8px 8px;--awb-width-large:100%;--awb-margin-top-large:7px;--awb-spacing-right-large:1.92%;--awb-margin-bottom-large:7px;--awb-spacing-left-large:1.92%;--awb-width-medium:100%;--awb-order-medium:0;--awb-spacing-right-medium:1.92%;--awb-spacing-left-medium:1.92%;--awb-width-small:100%;--awb-order-small:0;--awb-spacing-right-small:1.92%;--awb-spacing-left-small:1.92%;\"><div class=\"fusion-column-wrapper fusion-column-has-shadow fusion-flex-justify-content-center fusion-content-layout-column\"><div class=\"fusion-text fusion-text-9\" style=\"--awb-text-color:#007134;\"><p style=\"text-align: center;\"><strong>Curso del r\u00edo en las proximidades de la mina<\/strong><\/p>\n<\/div><div class=\"fusion-image-element \" style=\"text-align:center;--awb-caption-title-size:var(--h2_typography-font-size);--awb-caption-title-transform:var(--h2_typography-text-transform);--awb-caption-title-line-height:var(--h2_typography-line-height);--awb-caption-title-letter-spacing:var(--h2_typography-letter-spacing);\"><span class=\" fusion-imageframe imageframe-none imageframe-4 hover-type-none\"><img decoding=\"async\" width=\"978\" height=\"620\" title=\"rio-tinto-ferrocarril\" src=\"https:\/\/www.juntadeandalucia.es\/institutodeestadisticaycartografia\/educaieca-contenidos\/wp-content\/uploads\/2025\/09\/rio-tinto-ferrocarril.jpg\" alt class=\"img-responsive wp-image-5572\" srcset=\"https:\/\/www.juntadeandalucia.es\/institutodeestadisticaycartografia\/educaieca-contenidos\/wp-content\/uploads\/2025\/09\/rio-tinto-ferrocarril-200x127.jpg 200w, https:\/\/www.juntadeandalucia.es\/institutodeestadisticaycartografia\/educaieca-contenidos\/wp-content\/uploads\/2025\/09\/rio-tinto-ferrocarril-400x254.jpg 400w, https:\/\/www.juntadeandalucia.es\/institutodeestadisticaycartografia\/educaieca-contenidos\/wp-content\/uploads\/2025\/09\/rio-tinto-ferrocarril-600x380.jpg 600w, https:\/\/www.juntadeandalucia.es\/institutodeestadisticaycartografia\/educaieca-contenidos\/wp-content\/uploads\/2025\/09\/rio-tinto-ferrocarril-800x507.jpg 800w, https:\/\/www.juntadeandalucia.es\/institutodeestadisticaycartografia\/educaieca-contenidos\/wp-content\/uploads\/2025\/09\/rio-tinto-ferrocarril.jpg 978w\" sizes=\"(max-width: 1024px) 100vw, (max-width: 640px) 100vw, 978px\" \/><\/span><\/div><div class=\"fusion-separator fusion-full-width-sep\" style=\"align-self: center;margin-left: auto;margin-right: auto;margin-top:40px;width:100%;\"><\/div><div class=\"fusion-text fusion-text-10\"><p>Las l\u00edneas del ferrocarril minero corren en paralelo al curso del r\u00edo pasando junto al taller de Zarandas (1914), destinado inicialmente a cocheras de locomotoras.<\/p>\n<p>Ortofotograf\u00eda del a\u00f1o 2022<\/p>\n<\/div><\/div><\/div><div class=\"fusion-layout-column fusion_builder_column fusion-builder-column-6 fusion_builder_column_1_1 1_1 fusion-flex-column\" style=\"--awb-bg-size:cover;--awb-width-large:100%;--awb-margin-top-large:0px;--awb-spacing-right-large:1.92%;--awb-margin-bottom-large:0px;--awb-spacing-left-large:1.92%;--awb-width-medium:100%;--awb-order-medium:0;--awb-spacing-right-medium:1.92%;--awb-spacing-left-medium:1.92%;--awb-width-small:100%;--awb-order-small:0;--awb-spacing-right-small:1.92%;--awb-spacing-left-small:1.92%;\"><div class=\"fusion-column-wrapper fusion-column-has-shadow fusion-flex-justify-content-flex-start fusion-content-layout-column\"><div class=\"fusion-separator fusion-full-width-sep\" style=\"align-self: center;margin-left: auto;margin-right: auto;margin-top:40px;width:100%;\"><\/div><div class=\"fusion-text fusion-text-11\"><p>Las v\u00edas del <strong>antiguo ferrocarril minero<\/strong> que llegaban hasta el puerto de Huelva discurr\u00edan en paralelo al r\u00edo en gran parte de su recorrido. Si bien las m\u00e1s pr\u00f3ximas a la explotaci\u00f3n se han restaurado para fines tur\u00edsticos, el resto se encuentran abandonadas o desmanteladas.<\/p>\n<p>Debido al contenido de sus aguas, la <strong>vegetaci\u00f3n de ribera<\/strong> es muy escasa y los \u00e1rboles crecen a cierta distancia de sus m\u00e1rgenes. Pese a la hostilidad del medio, el r\u00edo serv\u00eda igualmente como recurso para moler trigo por medio de los <strong>molinos<\/strong> que aprovechaban la fuerza de su caudal, del que est\u00e1 salpicado su curso fluvial.<\/p>\n<\/div><div class=\"fusion-separator fusion-full-width-sep\" style=\"align-self: center;margin-left: auto;margin-right: auto;margin-top:40px;width:100%;\"><\/div><\/div><\/div><div class=\"fusion-layout-column fusion_builder_column fusion-builder-column-7 fusion_builder_column_1_1 1_1 fusion-flex-column fusion-flex-align-self-center\" style=\"--awb-padding-top:30px;--awb-padding-right:30px;--awb-padding-bottom:30px;--awb-padding-left:30px;--awb-overflow:hidden;--awb-bg-color:#ffffff;--awb-bg-size:cover;--awb-box-shadow:0px 10px 21px 0px rgba(0,0,0,0.24);;--awb-border-color:#ffffff;--awb-border-top:4px;--awb-border-right:4px;--awb-border-left:4px;--awb-border-style:solid;--awb-border-radius:8px 8px 8px 8px;--awb-width-large:100%;--awb-margin-top-large:7px;--awb-spacing-right-large:1.92%;--awb-margin-bottom-large:7px;--awb-spacing-left-large:1.92%;--awb-width-medium:100%;--awb-order-medium:0;--awb-spacing-right-medium:1.92%;--awb-spacing-left-medium:1.92%;--awb-width-small:100%;--awb-order-small:0;--awb-spacing-right-small:1.92%;--awb-spacing-left-small:1.92%;\"><div class=\"fusion-column-wrapper fusion-column-has-shadow fusion-flex-justify-content-center fusion-content-layout-column\"><div class=\"fusion-text fusion-text-12\" style=\"--awb-text-color:#007134;\"><p style=\"text-align: center;\"><strong>Molino del Salto (Berrocal)<\/strong><\/p>\n<\/div><div class=\"fusion-image-element \" style=\"text-align:center;--awb-caption-title-size:var(--h2_typography-font-size);--awb-caption-title-transform:var(--h2_typography-text-transform);--awb-caption-title-line-height:var(--h2_typography-line-height);--awb-caption-title-letter-spacing:var(--h2_typography-letter-spacing);\"><span class=\" fusion-imageframe imageframe-none imageframe-5 hover-type-none\"><img decoding=\"async\" width=\"978\" height=\"620\" title=\"rio-tinto-molino\" src=\"https:\/\/www.juntadeandalucia.es\/institutodeestadisticaycartografia\/educaieca-contenidos\/wp-content\/uploads\/2025\/09\/rio-tinto-molino.jpg\" alt class=\"img-responsive wp-image-5573\" srcset=\"https:\/\/www.juntadeandalucia.es\/institutodeestadisticaycartografia\/educaieca-contenidos\/wp-content\/uploads\/2025\/09\/rio-tinto-molino-200x127.jpg 200w, https:\/\/www.juntadeandalucia.es\/institutodeestadisticaycartografia\/educaieca-contenidos\/wp-content\/uploads\/2025\/09\/rio-tinto-molino-400x254.jpg 400w, https:\/\/www.juntadeandalucia.es\/institutodeestadisticaycartografia\/educaieca-contenidos\/wp-content\/uploads\/2025\/09\/rio-tinto-molino-600x380.jpg 600w, https:\/\/www.juntadeandalucia.es\/institutodeestadisticaycartografia\/educaieca-contenidos\/wp-content\/uploads\/2025\/09\/rio-tinto-molino-800x507.jpg 800w, https:\/\/www.juntadeandalucia.es\/institutodeestadisticaycartografia\/educaieca-contenidos\/wp-content\/uploads\/2025\/09\/rio-tinto-molino.jpg 978w\" sizes=\"(max-width: 1024px) 100vw, (max-width: 640px) 100vw, 978px\" \/><\/span><\/div><div class=\"fusion-separator fusion-full-width-sep\" style=\"align-self: center;margin-left: auto;margin-right: auto;margin-top:40px;width:100%;\"><\/div><div class=\"fusion-text fusion-text-13\"><p>Las ruinas del molino harinero del Salto (o Molino Viejo), en el municipio de Berrocal, se sit\u00faan en el margen izquierdo del r\u00edo. En el lado opuesto quedan vestigios del trazado del ferrocarril minero.<\/p>\n<p>Ortofotograf\u00eda del a\u00f1o 2019<\/p>\n<\/div><\/div><\/div><div class=\"fusion-layout-column fusion_builder_column fusion-builder-column-8 fusion_builder_column_1_1 1_1 fusion-flex-column\" style=\"--awb-bg-size:cover;--awb-width-large:100%;--awb-margin-top-large:0px;--awb-spacing-right-large:1.92%;--awb-margin-bottom-large:0px;--awb-spacing-left-large:1.92%;--awb-width-medium:100%;--awb-order-medium:0;--awb-spacing-right-medium:1.92%;--awb-spacing-left-medium:1.92%;--awb-width-small:100%;--awb-order-small:0;--awb-spacing-right-small:1.92%;--awb-spacing-left-small:1.92%;\"><div class=\"fusion-column-wrapper fusion-column-has-shadow fusion-flex-justify-content-flex-start fusion-content-layout-column\"><div class=\"fusion-separator fusion-full-width-sep\" style=\"align-self: center;margin-left: auto;margin-right: auto;margin-top:40px;width:100%;\"><\/div><\/div><\/div><div class=\"fusion-layout-column fusion_builder_column fusion-builder-column-9 fusion_builder_column_1_1 1_1 fusion-flex-column fusion-flex-align-self-center\" style=\"--awb-padding-top:30px;--awb-padding-right:30px;--awb-padding-bottom:30px;--awb-padding-left:30px;--awb-overflow:hidden;--awb-bg-color:#ffffff;--awb-bg-size:cover;--awb-box-shadow:0px 10px 21px 0px rgba(0,0,0,0.24);;--awb-border-color:#ffffff;--awb-border-top:4px;--awb-border-right:4px;--awb-border-left:4px;--awb-border-style:solid;--awb-border-radius:8px 8px 8px 8px;--awb-width-large:100%;--awb-margin-top-large:7px;--awb-spacing-right-large:1.92%;--awb-margin-bottom-large:7px;--awb-spacing-left-large:1.92%;--awb-width-medium:100%;--awb-order-medium:0;--awb-spacing-right-medium:1.92%;--awb-spacing-left-medium:1.92%;--awb-width-small:100%;--awb-order-small:0;--awb-spacing-right-small:1.92%;--awb-spacing-left-small:1.92%;\"><div class=\"fusion-column-wrapper fusion-column-has-shadow fusion-flex-justify-content-center fusion-content-layout-column\"><div class=\"fusion-text fusion-text-14\" style=\"--awb-text-color:#007134;\"><p style=\"text-align: center;\"><strong>Curso del r\u00edo entre Zalamea la Real y Berrocal<\/strong><\/p>\n<\/div><div class=\"fusion-image-element \" style=\"text-align:center;--awb-caption-title-size:var(--h2_typography-font-size);--awb-caption-title-transform:var(--h2_typography-text-transform);--awb-caption-title-line-height:var(--h2_typography-line-height);--awb-caption-title-letter-spacing:var(--h2_typography-letter-spacing);\"><span class=\" fusion-imageframe imageframe-none imageframe-6 hover-type-none\"><img decoding=\"async\" width=\"978\" height=\"620\" alt=\"Curso del r\u00edo entre Zalamea la Real y Berrocal\" title=\"rio-tinto-berrocal\" src=\"https:\/\/www.juntadeandalucia.es\/institutodeestadisticaycartografia\/educaieca-contenidos\/wp-content\/uploads\/2025\/09\/rio-tinto-berrocal.jpg\" class=\"img-responsive wp-image-5574\" srcset=\"https:\/\/www.juntadeandalucia.es\/institutodeestadisticaycartografia\/educaieca-contenidos\/wp-content\/uploads\/2025\/09\/rio-tinto-berrocal-200x127.jpg 200w, https:\/\/www.juntadeandalucia.es\/institutodeestadisticaycartografia\/educaieca-contenidos\/wp-content\/uploads\/2025\/09\/rio-tinto-berrocal-400x254.jpg 400w, https:\/\/www.juntadeandalucia.es\/institutodeestadisticaycartografia\/educaieca-contenidos\/wp-content\/uploads\/2025\/09\/rio-tinto-berrocal-600x380.jpg 600w, https:\/\/www.juntadeandalucia.es\/institutodeestadisticaycartografia\/educaieca-contenidos\/wp-content\/uploads\/2025\/09\/rio-tinto-berrocal-800x507.jpg 800w, https:\/\/www.juntadeandalucia.es\/institutodeestadisticaycartografia\/educaieca-contenidos\/wp-content\/uploads\/2025\/09\/rio-tinto-berrocal.jpg 978w\" sizes=\"(max-width: 1024px) 100vw, (max-width: 640px) 100vw, 978px\" \/><\/span><\/div><div class=\"fusion-separator fusion-full-width-sep\" style=\"align-self: center;margin-left: auto;margin-right: auto;margin-top:40px;width:100%;\"><\/div><div class=\"fusion-text fusion-text-15\"><p>Meandros del r\u00edo que separan los t\u00e9rminos municipales de Zalamea la Real y Berrocal.<\/p>\n<p>Ortofotograf\u00eda del a\u00f1o 2019<\/p>\n<\/div><\/div><\/div><div class=\"fusion-layout-column fusion_builder_column fusion-builder-column-10 fusion_builder_column_1_1 1_1 fusion-flex-column\" style=\"--awb-bg-size:cover;--awb-width-large:100%;--awb-margin-top-large:0px;--awb-spacing-right-large:1.92%;--awb-margin-bottom-large:0px;--awb-spacing-left-large:1.92%;--awb-width-medium:100%;--awb-order-medium:0;--awb-spacing-right-medium:1.92%;--awb-spacing-left-medium:1.92%;--awb-width-small:100%;--awb-order-small:0;--awb-spacing-right-small:1.92%;--awb-spacing-left-small:1.92%;\"><div class=\"fusion-column-wrapper fusion-column-has-shadow fusion-flex-justify-content-flex-start fusion-content-layout-column\"><div class=\"fusion-separator fusion-full-width-sep\" style=\"align-self: center;margin-left: auto;margin-right: auto;margin-top:40px;width:100%;\"><\/div><div class=\"fusion-text fusion-text-16\"><p>M\u00e1s pronunciado es el paraje conocido como <strong>Salom\u00f3n<\/strong>, que hizo necesaria la construcci\u00f3n de un puente y la perforaci\u00f3n de un t\u00fanel (ambos nombrados tambi\u00e9n como Salom\u00f3n) para que el tren minero pudiera superarlo con facilidad. A partir de este punto son m\u00e1s frecuentes los vestigios de antiguos molinos de agua.<\/p>\n<\/div><div class=\"fusion-separator fusion-full-width-sep\" style=\"align-self: center;margin-left: auto;margin-right: auto;margin-top:40px;width:100%;\"><\/div><\/div><\/div><div class=\"fusion-layout-column fusion_builder_column fusion-builder-column-11 fusion_builder_column_1_1 1_1 fusion-flex-column fusion-flex-align-self-center\" style=\"--awb-padding-top:30px;--awb-padding-right:30px;--awb-padding-bottom:30px;--awb-padding-left:30px;--awb-overflow:hidden;--awb-bg-color:#ffffff;--awb-bg-size:cover;--awb-box-shadow:0px 10px 21px 0px rgba(0,0,0,0.24);;--awb-border-color:#ffffff;--awb-border-top:4px;--awb-border-right:4px;--awb-border-left:4px;--awb-border-style:solid;--awb-border-radius:8px 8px 8px 8px;--awb-width-large:100%;--awb-margin-top-large:7px;--awb-spacing-right-large:1.92%;--awb-margin-bottom-large:7px;--awb-spacing-left-large:1.92%;--awb-width-medium:100%;--awb-order-medium:0;--awb-spacing-right-medium:1.92%;--awb-spacing-left-medium:1.92%;--awb-width-small:100%;--awb-order-small:0;--awb-spacing-right-small:1.92%;--awb-spacing-left-small:1.92%;\"><div class=\"fusion-column-wrapper fusion-column-has-shadow fusion-flex-justify-content-center fusion-content-layout-column\"><div class=\"fusion-text fusion-text-17\" style=\"--awb-text-color:#007134;\"><p style=\"text-align: center;\"><strong>Paraje de Salom\u00f3n<\/strong><\/p>\n<\/div><div class=\"fusion-image-element \" style=\"text-align:center;--awb-caption-title-size:var(--h2_typography-font-size);--awb-caption-title-transform:var(--h2_typography-text-transform);--awb-caption-title-line-height:var(--h2_typography-line-height);--awb-caption-title-letter-spacing:var(--h2_typography-letter-spacing);\"><span class=\" fusion-imageframe imageframe-none imageframe-7 hover-type-none\"><img decoding=\"async\" width=\"978\" height=\"620\" title=\"rio-tinto-salomon\" src=\"https:\/\/www.juntadeandalucia.es\/institutodeestadisticaycartografia\/educaieca-contenidos\/wp-content\/uploads\/2025\/09\/rio-tinto-salomon.jpg\" alt class=\"img-responsive wp-image-5575\" srcset=\"https:\/\/www.juntadeandalucia.es\/institutodeestadisticaycartografia\/educaieca-contenidos\/wp-content\/uploads\/2025\/09\/rio-tinto-salomon-200x127.jpg 200w, https:\/\/www.juntadeandalucia.es\/institutodeestadisticaycartografia\/educaieca-contenidos\/wp-content\/uploads\/2025\/09\/rio-tinto-salomon-400x254.jpg 400w, https:\/\/www.juntadeandalucia.es\/institutodeestadisticaycartografia\/educaieca-contenidos\/wp-content\/uploads\/2025\/09\/rio-tinto-salomon-600x380.jpg 600w, https:\/\/www.juntadeandalucia.es\/institutodeestadisticaycartografia\/educaieca-contenidos\/wp-content\/uploads\/2025\/09\/rio-tinto-salomon-800x507.jpg 800w, https:\/\/www.juntadeandalucia.es\/institutodeestadisticaycartografia\/educaieca-contenidos\/wp-content\/uploads\/2025\/09\/rio-tinto-salomon.jpg 978w\" sizes=\"(max-width: 1024px) 100vw, (max-width: 640px) 100vw, 978px\" \/><\/span><\/div><div class=\"fusion-separator fusion-full-width-sep\" style=\"align-self: center;margin-left: auto;margin-right: auto;margin-top:40px;width:100%;\"><\/div><div class=\"fusion-text fusion-text-18\"><p>De nuevo, el r\u00edo marca la delimitaci\u00f3n entre t\u00e9rminos municipales. En este caso, entre el paraje de Salom\u00f3n (Niebla) y Paterna del Campo.<\/p>\n<\/div><div class=\"fusion-separator fusion-full-width-sep\" style=\"align-self: center;margin-left: auto;margin-right: auto;margin-top:40px;width:100%;\"><\/div><div class=\"fusion-image-element \" style=\"text-align:center;--awb-caption-title-size:var(--h2_typography-font-size);--awb-caption-title-transform:var(--h2_typography-text-transform);--awb-caption-title-line-height:var(--h2_typography-line-height);--awb-caption-title-letter-spacing:var(--h2_typography-letter-spacing);\"><span class=\" fusion-imageframe imageframe-none imageframe-8 hover-type-none\"><img decoding=\"async\" width=\"978\" height=\"620\" alt=\"L\u00ednea de ferrocarril minero en desuso que cruza el r\u00edo Tinto por el puente Salom\u00f3n\" title=\"rio-tinto-tunel-salomon\" src=\"https:\/\/www.juntadeandalucia.es\/institutodeestadisticaycartografia\/educaieca-contenidos\/wp-content\/uploads\/2025\/09\/rio-tinto-tunel-salomon.jpg\" class=\"img-responsive wp-image-5576\" srcset=\"https:\/\/www.juntadeandalucia.es\/institutodeestadisticaycartografia\/educaieca-contenidos\/wp-content\/uploads\/2025\/09\/rio-tinto-tunel-salomon-200x127.jpg 200w, https:\/\/www.juntadeandalucia.es\/institutodeestadisticaycartografia\/educaieca-contenidos\/wp-content\/uploads\/2025\/09\/rio-tinto-tunel-salomon-400x254.jpg 400w, https:\/\/www.juntadeandalucia.es\/institutodeestadisticaycartografia\/educaieca-contenidos\/wp-content\/uploads\/2025\/09\/rio-tinto-tunel-salomon-600x380.jpg 600w, https:\/\/www.juntadeandalucia.es\/institutodeestadisticaycartografia\/educaieca-contenidos\/wp-content\/uploads\/2025\/09\/rio-tinto-tunel-salomon-800x507.jpg 800w, https:\/\/www.juntadeandalucia.es\/institutodeestadisticaycartografia\/educaieca-contenidos\/wp-content\/uploads\/2025\/09\/rio-tinto-tunel-salomon.jpg 978w\" sizes=\"(max-width: 1024px) 100vw, (max-width: 640px) 100vw, 978px\" \/><\/span><\/div><div class=\"fusion-separator fusion-full-width-sep\" style=\"align-self: center;margin-left: auto;margin-right: auto;margin-top:40px;width:100%;\"><\/div><div class=\"fusion-text fusion-text-19\"><p>L\u00ednea de ferrocarril minero en desuso que cruza el r\u00edo Tinto por el puente Salom\u00f3n, de unos 70 metros de longitud, y atraviesa el t\u00fanel Salom\u00f3n (140 metros) para retomar su camino junto al curso del r\u00edo.<\/p>\n<p><a href=\"https:\/\/www.juntadeandalucia.es\/institutodeestadisticaycartografia\/dega\/datos-espaciales-de-referencia-de-andalucia-dera\" target=\"_blank\" rel=\"noopener\">Datos Espaciales de Referencia de Andaluc\u00eda (DERA)<\/a> y Ortofotograf\u00eda del a\u00f1o 2019<\/p>\n<\/div><\/div><\/div><div class=\"fusion-layout-column fusion_builder_column fusion-builder-column-12 fusion_builder_column_1_1 1_1 fusion-flex-column\" style=\"--awb-bg-size:cover;--awb-width-large:100%;--awb-margin-top-large:0px;--awb-spacing-right-large:1.92%;--awb-margin-bottom-large:0px;--awb-spacing-left-large:1.92%;--awb-width-medium:100%;--awb-order-medium:0;--awb-spacing-right-medium:1.92%;--awb-spacing-left-medium:1.92%;--awb-width-small:100%;--awb-order-small:0;--awb-spacing-right-small:1.92%;--awb-spacing-left-small:1.92%;\"><div class=\"fusion-column-wrapper fusion-column-has-shadow fusion-flex-justify-content-flex-start fusion-content-layout-column\"><div class=\"fusion-separator fusion-full-width-sep\" style=\"align-self: center;margin-left: auto;margin-right: auto;margin-top:40px;width:100%;\"><\/div><div class=\"fusion-text fusion-text-20\"><p>Al llegar a la localidad de Niebla, el r\u00edo la rodea y acota por sus lados este y sur, casi tanto como las antiguas murallas que delimitan su contorno urbano y definen su conjunto hist\u00f3rico.<\/p>\n<\/div><div class=\"fusion-separator fusion-full-width-sep\" style=\"align-self: center;margin-left: auto;margin-right: auto;margin-top:40px;width:100%;\"><\/div><\/div><\/div><div class=\"fusion-layout-column fusion_builder_column fusion-builder-column-13 fusion_builder_column_1_1 1_1 fusion-flex-column fusion-flex-align-self-center\" style=\"--awb-padding-top:30px;--awb-padding-right:30px;--awb-padding-bottom:30px;--awb-padding-left:30px;--awb-overflow:hidden;--awb-bg-color:#ffffff;--awb-bg-size:cover;--awb-box-shadow:0px 10px 21px 0px rgba(0,0,0,0.24);;--awb-border-color:#ffffff;--awb-border-top:4px;--awb-border-right:4px;--awb-border-left:4px;--awb-border-style:solid;--awb-border-radius:8px 8px 8px 8px;--awb-width-large:100%;--awb-margin-top-large:7px;--awb-spacing-right-large:1.92%;--awb-margin-bottom-large:7px;--awb-spacing-left-large:1.92%;--awb-width-medium:100%;--awb-order-medium:0;--awb-spacing-right-medium:1.92%;--awb-spacing-left-medium:1.92%;--awb-width-small:100%;--awb-order-small:0;--awb-spacing-right-small:1.92%;--awb-spacing-left-small:1.92%;\"><div class=\"fusion-column-wrapper fusion-column-has-shadow fusion-flex-justify-content-center fusion-content-layout-column\"><div class=\"fusion-text fusion-text-21\" style=\"--awb-text-color:#007134;\"><p style=\"text-align: center;\"><strong>Localidad de Niebla<\/strong><\/p>\n<\/div><div class=\"fusion-image-element \" style=\"text-align:center;--awb-caption-title-size:var(--h2_typography-font-size);--awb-caption-title-transform:var(--h2_typography-text-transform);--awb-caption-title-line-height:var(--h2_typography-line-height);--awb-caption-title-letter-spacing:var(--h2_typography-letter-spacing);\"><span class=\" fusion-imageframe imageframe-none imageframe-9 hover-type-none\"><img decoding=\"async\" width=\"978\" height=\"620\" alt=\"Localidad de Niebla\" title=\"rio-tinto-niebla\" src=\"https:\/\/www.juntadeandalucia.es\/institutodeestadisticaycartografia\/educaieca-contenidos\/wp-content\/uploads\/2025\/09\/rio-tinto-niebla.jpg\" class=\"img-responsive wp-image-5578\" srcset=\"https:\/\/www.juntadeandalucia.es\/institutodeestadisticaycartografia\/educaieca-contenidos\/wp-content\/uploads\/2025\/09\/rio-tinto-niebla-200x127.jpg 200w, https:\/\/www.juntadeandalucia.es\/institutodeestadisticaycartografia\/educaieca-contenidos\/wp-content\/uploads\/2025\/09\/rio-tinto-niebla-400x254.jpg 400w, https:\/\/www.juntadeandalucia.es\/institutodeestadisticaycartografia\/educaieca-contenidos\/wp-content\/uploads\/2025\/09\/rio-tinto-niebla-600x380.jpg 600w, https:\/\/www.juntadeandalucia.es\/institutodeestadisticaycartografia\/educaieca-contenidos\/wp-content\/uploads\/2025\/09\/rio-tinto-niebla-800x507.jpg 800w, https:\/\/www.juntadeandalucia.es\/institutodeestadisticaycartografia\/educaieca-contenidos\/wp-content\/uploads\/2025\/09\/rio-tinto-niebla.jpg 978w\" sizes=\"(max-width: 1024px) 100vw, (max-width: 640px) 100vw, 978px\" \/><\/span><\/div><div class=\"fusion-separator fusion-full-width-sep\" style=\"align-self: center;margin-left: auto;margin-right: auto;margin-top:40px;width:100%;\"><\/div><div class=\"fusion-text fusion-text-22\"><p>Una represa contiene el agua del r\u00edo en el extremo superior derecho de la imagen, antes de llegar al Puente Romano de Niebla. El antiguo trazado del tren minero se distingue en la cartograf\u00eda hasta aqu\u00ed, cuando se funde con la actual l\u00ednea Sevilla-Huelva, en el extremo inferior izquierdo de la imagen.<\/p>\n<p><a href=\"https:\/\/www.juntadeandalucia.es\/institutodeestadisticaycartografia\/dega\/datos-espaciales-de-referencia-de-andalucia-dera\" target=\"_blank\" rel=\"noopener\">Datos Espaciales de Referencia de Andaluc\u00eda (DERA)<\/a> y Ortofotograf\u00eda del a\u00f1o 2019<\/p>\n<\/div><\/div><\/div><div class=\"fusion-layout-column fusion_builder_column fusion-builder-column-14 fusion_builder_column_1_1 1_1 fusion-flex-column\" style=\"--awb-bg-size:cover;--awb-width-large:100%;--awb-margin-top-large:0px;--awb-spacing-right-large:1.92%;--awb-margin-bottom-large:0px;--awb-spacing-left-large:1.92%;--awb-width-medium:100%;--awb-order-medium:0;--awb-spacing-right-medium:1.92%;--awb-spacing-left-medium:1.92%;--awb-width-small:100%;--awb-order-small:0;--awb-spacing-right-small:1.92%;--awb-spacing-left-small:1.92%;\"><div class=\"fusion-column-wrapper fusion-column-has-shadow fusion-flex-justify-content-flex-start fusion-content-layout-column\"><div class=\"fusion-separator fusion-full-width-sep\" style=\"align-self: center;margin-left: auto;margin-right: auto;margin-top:40px;width:100%;\"><\/div><div class=\"fusion-text fusion-text-23\"><p>Cerca del final del recorrido del r\u00edo, las <strong>marismas del Tinto<\/strong> se extienden por los t\u00e9rminos municipales de San Juan del Puerto, Moguer y Huelva capital. El color rojizo que tanto lo caracteriza se difumina por la entrada de aguas del Atl\u00e1ntico con las subidas de las mareas. Estos flujos permitieron la explotaci\u00f3n de unas <strong>salinas<\/strong> a principios del siglo XX, junto al <strong>muelle del Tinto<\/strong>, de importancia tambi\u00e9n en su \u00e9poca para la exportaci\u00f3n de minerales de la sierra onubense y hoy zona de acceso para la realizaci\u00f3n de actividades n\u00e1uticas.<\/p>\n<\/div><div class=\"fusion-separator fusion-full-width-sep\" style=\"align-self: center;margin-left: auto;margin-right: auto;margin-top:40px;width:100%;\"><\/div><\/div><\/div><div class=\"fusion-layout-column fusion_builder_column fusion-builder-column-15 fusion_builder_column_1_1 1_1 fusion-flex-column fusion-flex-align-self-center\" style=\"--awb-padding-top:30px;--awb-padding-right:30px;--awb-padding-bottom:30px;--awb-padding-left:30px;--awb-overflow:hidden;--awb-bg-color:#ffffff;--awb-bg-size:cover;--awb-box-shadow:0px 10px 21px 0px rgba(0,0,0,0.24);;--awb-border-color:#ffffff;--awb-border-top:4px;--awb-border-right:4px;--awb-border-left:4px;--awb-border-style:solid;--awb-border-radius:8px 8px 8px 8px;--awb-width-large:100%;--awb-margin-top-large:7px;--awb-spacing-right-large:1.92%;--awb-margin-bottom-large:7px;--awb-spacing-left-large:1.92%;--awb-width-medium:100%;--awb-order-medium:0;--awb-spacing-right-medium:1.92%;--awb-spacing-left-medium:1.92%;--awb-width-small:100%;--awb-order-small:0;--awb-spacing-right-small:1.92%;--awb-spacing-left-small:1.92%;\"><div class=\"fusion-column-wrapper fusion-column-has-shadow fusion-flex-justify-content-center fusion-content-layout-column\"><div class=\"fusion-text fusion-text-24\" style=\"--awb-text-color:#007134;\"><p style=\"text-align: center;\"><strong>Marismas del Tinto<\/strong><\/p>\n<\/div><div class=\"fusion-image-element \" style=\"text-align:center;--awb-caption-title-size:var(--h2_typography-font-size);--awb-caption-title-transform:var(--h2_typography-text-transform);--awb-caption-title-line-height:var(--h2_typography-line-height);--awb-caption-title-letter-spacing:var(--h2_typography-letter-spacing);\"><span class=\" fusion-imageframe imageframe-none imageframe-10 hover-type-none\"><img decoding=\"async\" width=\"978\" height=\"620\" title=\"rio-tinto-marismas\" src=\"https:\/\/www.juntadeandalucia.es\/institutodeestadisticaycartografia\/educaieca-contenidos\/wp-content\/uploads\/2025\/09\/rio-tinto-marismas.jpg\" alt class=\"img-responsive wp-image-5579\" srcset=\"https:\/\/www.juntadeandalucia.es\/institutodeestadisticaycartografia\/educaieca-contenidos\/wp-content\/uploads\/2025\/09\/rio-tinto-marismas-200x127.jpg 200w, https:\/\/www.juntadeandalucia.es\/institutodeestadisticaycartografia\/educaieca-contenidos\/wp-content\/uploads\/2025\/09\/rio-tinto-marismas-400x254.jpg 400w, https:\/\/www.juntadeandalucia.es\/institutodeestadisticaycartografia\/educaieca-contenidos\/wp-content\/uploads\/2025\/09\/rio-tinto-marismas-600x380.jpg 600w, https:\/\/www.juntadeandalucia.es\/institutodeestadisticaycartografia\/educaieca-contenidos\/wp-content\/uploads\/2025\/09\/rio-tinto-marismas-800x507.jpg 800w, https:\/\/www.juntadeandalucia.es\/institutodeestadisticaycartografia\/educaieca-contenidos\/wp-content\/uploads\/2025\/09\/rio-tinto-marismas.jpg 978w\" sizes=\"(max-width: 1024px) 100vw, (max-width: 640px) 100vw, 978px\" \/><\/span><\/div><div class=\"fusion-separator fusion-full-width-sep\" style=\"align-self: center;margin-left: auto;margin-right: auto;margin-top:40px;width:100%;\"><\/div><div class=\"fusion-text fusion-text-25\"><p>Las salinas se dejaron de explotar en los a\u00f1os 70 del siglo pasado. Del muelle primigenio queda parte de la empalizada de pilotes que sustentaba el pavimento del muelle y la base de una de las gr\u00faas utilizadas para la carga y descarga.<\/p>\n<p>Ortofotograf\u00eda del a\u00f1o 2019<\/p>\n<\/div><\/div><\/div><div class=\"fusion-layout-column fusion_builder_column fusion-builder-column-16 fusion_builder_column_1_1 1_1 fusion-flex-column\" style=\"--awb-bg-size:cover;--awb-width-large:100%;--awb-margin-top-large:0px;--awb-spacing-right-large:1.92%;--awb-margin-bottom-large:0px;--awb-spacing-left-large:1.92%;--awb-width-medium:100%;--awb-order-medium:0;--awb-spacing-right-medium:1.92%;--awb-spacing-left-medium:1.92%;--awb-width-small:100%;--awb-order-small:0;--awb-spacing-right-small:1.92%;--awb-spacing-left-small:1.92%;\"><div class=\"fusion-column-wrapper fusion-column-has-shadow fusion-flex-justify-content-flex-start fusion-content-layout-column\"><div class=\"fusion-separator fusion-full-width-sep\" style=\"align-self: center;margin-left: auto;margin-right: auto;margin-top:40px;width:100%;\"><\/div><div class=\"fusion-text fusion-text-26\"><p>El r\u00edo Tinto se une con el <strong>Odiel<\/strong> en las proximidades de la capital onubense, confluyendo frente a la <strong>Punta del Sebo<\/strong> y formando el estuario de la <strong>r\u00eda de Huelva<\/strong>. El <strong>puente del Tinto<\/strong> lo cruza justo antes de esta uni\u00f3n. Se trata de un puente con gran capacidad, ya que sustenta la carretera de doble calzada H-30 y una l\u00ednea de ferrocarril tambi\u00e9n de doble v\u00eda.<\/p>\n<\/div><div class=\"fusion-separator fusion-full-width-sep\" style=\"align-self: center;margin-left: auto;margin-right: auto;margin-top:40px;width:100%;\"><\/div><\/div><\/div><div class=\"fusion-layout-column fusion_builder_column fusion-builder-column-17 fusion_builder_column_1_1 1_1 fusion-flex-column fusion-flex-align-self-center\" style=\"--awb-padding-top:30px;--awb-padding-right:30px;--awb-padding-bottom:30px;--awb-padding-left:30px;--awb-overflow:hidden;--awb-bg-color:#ffffff;--awb-bg-size:cover;--awb-box-shadow:0px 10px 21px 0px rgba(0,0,0,0.24);;--awb-border-color:#ffffff;--awb-border-top:4px;--awb-border-right:4px;--awb-border-left:4px;--awb-border-style:solid;--awb-border-radius:8px 8px 8px 8px;--awb-width-large:100%;--awb-margin-top-large:7px;--awb-spacing-right-large:1.92%;--awb-margin-bottom-large:7px;--awb-spacing-left-large:1.92%;--awb-width-medium:100%;--awb-order-medium:0;--awb-spacing-right-medium:1.92%;--awb-spacing-left-medium:1.92%;--awb-width-small:100%;--awb-order-small:0;--awb-spacing-right-small:1.92%;--awb-spacing-left-small:1.92%;\"><div class=\"fusion-column-wrapper fusion-column-has-shadow fusion-flex-justify-content-center fusion-content-layout-column\"><div class=\"fusion-text fusion-text-27\" style=\"--awb-text-color:#007134;\"><p style=\"text-align: center;\"><strong>Uni\u00f3n entre los r\u00edos Tinto y Odiel<\/strong><\/p>\n<\/div><div class=\"fusion-image-element \" style=\"text-align:center;--awb-caption-title-size:var(--h2_typography-font-size);--awb-caption-title-transform:var(--h2_typography-text-transform);--awb-caption-title-line-height:var(--h2_typography-line-height);--awb-caption-title-letter-spacing:var(--h2_typography-letter-spacing);\"><span class=\" fusion-imageframe imageframe-none imageframe-11 hover-type-none\"><img decoding=\"async\" width=\"978\" height=\"620\" alt=\"Uni\u00f3n entre los r\u00edos Tinto y Odiel\" title=\"rio-tinto-huelva-odiel\" src=\"https:\/\/www.juntadeandalucia.es\/institutodeestadisticaycartografia\/educaieca-contenidos\/wp-content\/uploads\/2025\/09\/rio-tinto-huelva-odiel.jpg\" class=\"img-responsive wp-image-5580\" srcset=\"https:\/\/www.juntadeandalucia.es\/institutodeestadisticaycartografia\/educaieca-contenidos\/wp-content\/uploads\/2025\/09\/rio-tinto-huelva-odiel-200x127.jpg 200w, https:\/\/www.juntadeandalucia.es\/institutodeestadisticaycartografia\/educaieca-contenidos\/wp-content\/uploads\/2025\/09\/rio-tinto-huelva-odiel-400x254.jpg 400w, https:\/\/www.juntadeandalucia.es\/institutodeestadisticaycartografia\/educaieca-contenidos\/wp-content\/uploads\/2025\/09\/rio-tinto-huelva-odiel-600x380.jpg 600w, https:\/\/www.juntadeandalucia.es\/institutodeestadisticaycartografia\/educaieca-contenidos\/wp-content\/uploads\/2025\/09\/rio-tinto-huelva-odiel-800x507.jpg 800w, https:\/\/www.juntadeandalucia.es\/institutodeestadisticaycartografia\/educaieca-contenidos\/wp-content\/uploads\/2025\/09\/rio-tinto-huelva-odiel.jpg 978w\" sizes=\"(max-width: 1024px) 100vw, (max-width: 640px) 100vw, 978px\" \/><\/span><\/div><div class=\"fusion-separator fusion-full-width-sep\" style=\"align-self: center;margin-left: auto;margin-right: auto;margin-top:40px;width:100%;\"><\/div><div class=\"fusion-text fusion-text-28\"><p>La uni\u00f3n de ambos r\u00edos confluye en el sistema de marismas e islas que conforman la r\u00eda de Huelva, antes de conectar con el oc\u00e9ano Atl\u00e1ntico.<\/p>\n<\/div><div class=\"fusion-separator fusion-full-width-sep\" style=\"align-self: center;margin-left: auto;margin-right: auto;margin-top:40px;width:100%;\"><\/div><div class=\"fusion-image-element \" style=\"text-align:center;--awb-caption-title-size:var(--h2_typography-font-size);--awb-caption-title-transform:var(--h2_typography-text-transform);--awb-caption-title-line-height:var(--h2_typography-line-height);--awb-caption-title-letter-spacing:var(--h2_typography-letter-spacing);\"><span class=\" fusion-imageframe imageframe-none imageframe-12 hover-type-none\"><img decoding=\"async\" width=\"978\" height=\"620\" alt=\"Detalle del extremo inferior de la Punta del Sebo\" title=\"rio-tinto-huelva-sebo\" src=\"https:\/\/www.juntadeandalucia.es\/institutodeestadisticaycartografia\/educaieca-contenidos\/wp-content\/uploads\/2025\/09\/rio-tinto-huelva-sebo.jpg\" class=\"img-responsive wp-image-5581\" srcset=\"https:\/\/www.juntadeandalucia.es\/institutodeestadisticaycartografia\/educaieca-contenidos\/wp-content\/uploads\/2025\/09\/rio-tinto-huelva-sebo-200x127.jpg 200w, https:\/\/www.juntadeandalucia.es\/institutodeestadisticaycartografia\/educaieca-contenidos\/wp-content\/uploads\/2025\/09\/rio-tinto-huelva-sebo-400x254.jpg 400w, https:\/\/www.juntadeandalucia.es\/institutodeestadisticaycartografia\/educaieca-contenidos\/wp-content\/uploads\/2025\/09\/rio-tinto-huelva-sebo-600x380.jpg 600w, https:\/\/www.juntadeandalucia.es\/institutodeestadisticaycartografia\/educaieca-contenidos\/wp-content\/uploads\/2025\/09\/rio-tinto-huelva-sebo-800x507.jpg 800w, https:\/\/www.juntadeandalucia.es\/institutodeestadisticaycartografia\/educaieca-contenidos\/wp-content\/uploads\/2025\/09\/rio-tinto-huelva-sebo.jpg 978w\" sizes=\"(max-width: 1024px) 100vw, (max-width: 640px) 100vw, 978px\" \/><\/span><\/div><div class=\"fusion-separator fusion-full-width-sep\" style=\"align-self: center;margin-left: auto;margin-right: auto;margin-top:40px;width:100%;\"><\/div><div class=\"fusion-text fusion-text-29\"><p>Detalle del extremo inferior de la Punta del Sebo, donde se localiza el monumento a Col\u00f3n de 37 metros de altura.<\/p>\n<p>Ortofotograf\u00eda del a\u00f1o 2019<\/p>\n<\/div><\/div><\/div><\/div><\/div>\n","protected":false},"excerpt":{"rendered":"","protected":false},"author":6,"featured_media":5584,"comment_status":"open","ping_status":"open","sticky":false,"template":"","format":"standard","meta":{"footnotes":""},"categories":[22],"tags":[],"class_list":["post-5568","post","type-post","status-publish","format-standard","has-post-thumbnail","hentry","category-mundo-de-datos"],"acf":[],"yoast_head":"<!-- This site is optimized with the Yoast SEO plugin v24.9 - https:\/\/yoast.com\/wordpress\/plugins\/seo\/ -->\n<title>R\u00edo Tinto - EDUCA IECA<\/title>\n<meta name=\"robots\" content=\"noindex, follow, max-snippet:-1, max-image-preview:large, max-video-preview:-1\" \/>\n<meta property=\"og:locale\" content=\"es_ES\" \/>\n<meta property=\"og:type\" content=\"article\" \/>\n<meta property=\"og:title\" content=\"R\u00edo Tinto - EDUCA IECA\" \/>\n<meta property=\"og:url\" content=\"https:\/\/www.juntadeandalucia.es\/institutodeestadisticaycartografia\/educaieca-contenidos\/rio-tinto\/\" \/>\n<meta property=\"og:site_name\" content=\"EDUCA IECA\" \/>\n<meta property=\"article:published_time\" content=\"2025-10-15T06:28:56+00:00\" \/>\n<meta property=\"og:image\" content=\"https:\/\/www.juntadeandalucia.es\/institutodeestadisticaycartografia\/educaieca-contenidos\/wp-content\/uploads\/2025\/09\/Portada-Tinto.jpg\" \/>\n\t<meta property=\"og:image:width\" content=\"827\" \/>\n\t<meta property=\"og:image:height\" content=\"1172\" \/>\n\t<meta property=\"og:image:type\" content=\"image\/jpeg\" \/>\n<meta name=\"author\" content=\"educaiecawp\" \/>\n<meta name=\"twitter:card\" content=\"summary_large_image\" \/>\n<meta name=\"twitter:label1\" content=\"Escrito por\" \/>\n\t<meta name=\"twitter:data1\" content=\"educaiecawp\" \/>\n\t<meta name=\"twitter:label2\" content=\"Tiempo de lectura\" \/>\n\t<meta name=\"twitter:data2\" content=\"30 minutos\" \/>\n<script type=\"application\/ld+json\" class=\"yoast-schema-graph\">{\"@context\":\"https:\/\/schema.org\",\"@graph\":[{\"@type\":\"WebPage\",\"@id\":\"https:\/\/www.juntadeandalucia.es\/institutodeestadisticaycartografia\/educaieca-contenidos\/rio-tinto\/\",\"url\":\"https:\/\/www.juntadeandalucia.es\/institutodeestadisticaycartografia\/educaieca-contenidos\/rio-tinto\/\",\"name\":\"R\u00edo Tinto - EDUCA IECA\",\"isPartOf\":{\"@id\":\"https:\/\/www.juntadeandalucia.es\/institutodeestadisticaycartografia\/educaieca-contenidos\/#website\"},\"primaryImageOfPage\":{\"@id\":\"https:\/\/www.juntadeandalucia.es\/institutodeestadisticaycartografia\/educaieca-contenidos\/rio-tinto\/#primaryimage\"},\"image\":{\"@id\":\"https:\/\/www.juntadeandalucia.es\/institutodeestadisticaycartografia\/educaieca-contenidos\/rio-tinto\/#primaryimage\"},\"thumbnailUrl\":\"https:\/\/www.juntadeandalucia.es\/institutodeestadisticaycartografia\/educaieca-contenidos\/wp-content\/uploads\/2025\/09\/Portada-Tinto.jpg\",\"datePublished\":\"2025-10-15T06:28:56+00:00\",\"author\":{\"@id\":\"https:\/\/www.juntadeandalucia.es\/institutodeestadisticaycartografia\/educaieca-contenidos\/#\/schema\/person\/dc1e37f30249cda66475155beb55f18f\"},\"inLanguage\":\"es\",\"potentialAction\":[{\"@type\":\"ReadAction\",\"target\":[\"https:\/\/www.juntadeandalucia.es\/institutodeestadisticaycartografia\/educaieca-contenidos\/rio-tinto\/\"]}]},{\"@type\":\"ImageObject\",\"inLanguage\":\"es\",\"@id\":\"https:\/\/www.juntadeandalucia.es\/institutodeestadisticaycartografia\/educaieca-contenidos\/rio-tinto\/#primaryimage\",\"url\":\"https:\/\/www.juntadeandalucia.es\/institutodeestadisticaycartografia\/educaieca-contenidos\/wp-content\/uploads\/2025\/09\/Portada-Tinto.jpg\",\"contentUrl\":\"https:\/\/www.juntadeandalucia.es\/institutodeestadisticaycartografia\/educaieca-contenidos\/wp-content\/uploads\/2025\/09\/Portada-Tinto.jpg\",\"width\":827,\"height\":1172,\"caption\":\"Portada. R\u00edo Tinto\"},{\"@type\":\"WebSite\",\"@id\":\"https:\/\/www.juntadeandalucia.es\/institutodeestadisticaycartografia\/educaieca-contenidos\/#website\",\"url\":\"https:\/\/www.juntadeandalucia.es\/institutodeestadisticaycartografia\/educaieca-contenidos\/\",\"name\":\"EDUCA IECA\",\"description\":\"Portal educativo del Instituto de Estad\u00edstica y Cartograf\u00eda de Andaluc\u00eda\",\"potentialAction\":[{\"@type\":\"SearchAction\",\"target\":{\"@type\":\"EntryPoint\",\"urlTemplate\":\"https:\/\/www.juntadeandalucia.es\/institutodeestadisticaycartografia\/educaieca-contenidos\/?s={search_term_string}\"},\"query-input\":{\"@type\":\"PropertyValueSpecification\",\"valueRequired\":true,\"valueName\":\"search_term_string\"}}],\"inLanguage\":\"es\"},{\"@type\":\"Person\",\"@id\":\"https:\/\/www.juntadeandalucia.es\/institutodeestadisticaycartografia\/educaieca-contenidos\/#\/schema\/person\/dc1e37f30249cda66475155beb55f18f\",\"name\":\"educaiecawp\",\"image\":{\"@type\":\"ImageObject\",\"inLanguage\":\"es\",\"@id\":\"https:\/\/www.juntadeandalucia.es\/institutodeestadisticaycartografia\/educaieca-contenidos\/#\/schema\/person\/image\/\",\"url\":\"https:\/\/secure.gravatar.com\/avatar\/d631da9ec6322035ad7e8bd2c0ab6c44253b5f4f1a46f7fa0dbdd4535ab05801?s=96&d=mm&r=g\",\"contentUrl\":\"https:\/\/secure.gravatar.com\/avatar\/d631da9ec6322035ad7e8bd2c0ab6c44253b5f4f1a46f7fa0dbdd4535ab05801?s=96&d=mm&r=g\",\"caption\":\"educaiecawp\"},\"sameAs\":[\"http:\/\/ws205.juntadeandalucia.es\/educaiecawp\"],\"url\":\"https:\/\/www.juntadeandalucia.es\/institutodeestadisticaycartografia\/educaieca-contenidos\/author\/educaiecawp\/\"}]}<\/script>\n<!-- \/ Yoast SEO plugin. -->","yoast_head_json":{"title":"R\u00edo Tinto - EDUCA IECA","robots":{"index":"noindex","follow":"follow","max-snippet":"max-snippet:-1","max-image-preview":"max-image-preview:large","max-video-preview":"max-video-preview:-1"},"og_locale":"es_ES","og_type":"article","og_title":"R\u00edo Tinto - EDUCA IECA","og_url":"https:\/\/www.juntadeandalucia.es\/institutodeestadisticaycartografia\/educaieca-contenidos\/rio-tinto\/","og_site_name":"EDUCA IECA","article_published_time":"2025-10-15T06:28:56+00:00","og_image":[{"width":827,"height":1172,"url":"https:\/\/www.juntadeandalucia.es\/institutodeestadisticaycartografia\/educaieca-contenidos\/wp-content\/uploads\/2025\/09\/Portada-Tinto.jpg","type":"image\/jpeg"}],"author":"educaiecawp","twitter_card":"summary_large_image","twitter_misc":{"Escrito por":"educaiecawp","Tiempo de lectura":"30 minutos"},"schema":{"@context":"https:\/\/schema.org","@graph":[{"@type":"WebPage","@id":"https:\/\/www.juntadeandalucia.es\/institutodeestadisticaycartografia\/educaieca-contenidos\/rio-tinto\/","url":"https:\/\/www.juntadeandalucia.es\/institutodeestadisticaycartografia\/educaieca-contenidos\/rio-tinto\/","name":"R\u00edo Tinto - EDUCA IECA","isPartOf":{"@id":"https:\/\/www.juntadeandalucia.es\/institutodeestadisticaycartografia\/educaieca-contenidos\/#website"},"primaryImageOfPage":{"@id":"https:\/\/www.juntadeandalucia.es\/institutodeestadisticaycartografia\/educaieca-contenidos\/rio-tinto\/#primaryimage"},"image":{"@id":"https:\/\/www.juntadeandalucia.es\/institutodeestadisticaycartografia\/educaieca-contenidos\/rio-tinto\/#primaryimage"},"thumbnailUrl":"https:\/\/www.juntadeandalucia.es\/institutodeestadisticaycartografia\/educaieca-contenidos\/wp-content\/uploads\/2025\/09\/Portada-Tinto.jpg","datePublished":"2025-10-15T06:28:56+00:00","author":{"@id":"https:\/\/www.juntadeandalucia.es\/institutodeestadisticaycartografia\/educaieca-contenidos\/#\/schema\/person\/dc1e37f30249cda66475155beb55f18f"},"inLanguage":"es","potentialAction":[{"@type":"ReadAction","target":["https:\/\/www.juntadeandalucia.es\/institutodeestadisticaycartografia\/educaieca-contenidos\/rio-tinto\/"]}]},{"@type":"ImageObject","inLanguage":"es","@id":"https:\/\/www.juntadeandalucia.es\/institutodeestadisticaycartografia\/educaieca-contenidos\/rio-tinto\/#primaryimage","url":"https:\/\/www.juntadeandalucia.es\/institutodeestadisticaycartografia\/educaieca-contenidos\/wp-content\/uploads\/2025\/09\/Portada-Tinto.jpg","contentUrl":"https:\/\/www.juntadeandalucia.es\/institutodeestadisticaycartografia\/educaieca-contenidos\/wp-content\/uploads\/2025\/09\/Portada-Tinto.jpg","width":827,"height":1172,"caption":"Portada. R\u00edo Tinto"},{"@type":"WebSite","@id":"https:\/\/www.juntadeandalucia.es\/institutodeestadisticaycartografia\/educaieca-contenidos\/#website","url":"https:\/\/www.juntadeandalucia.es\/institutodeestadisticaycartografia\/educaieca-contenidos\/","name":"EDUCA IECA","description":"Portal educativo del Instituto de Estad\u00edstica y Cartograf\u00eda de Andaluc\u00eda","potentialAction":[{"@type":"SearchAction","target":{"@type":"EntryPoint","urlTemplate":"https:\/\/www.juntadeandalucia.es\/institutodeestadisticaycartografia\/educaieca-contenidos\/?s={search_term_string}"},"query-input":{"@type":"PropertyValueSpecification","valueRequired":true,"valueName":"search_term_string"}}],"inLanguage":"es"},{"@type":"Person","@id":"https:\/\/www.juntadeandalucia.es\/institutodeestadisticaycartografia\/educaieca-contenidos\/#\/schema\/person\/dc1e37f30249cda66475155beb55f18f","name":"educaiecawp","image":{"@type":"ImageObject","inLanguage":"es","@id":"https:\/\/www.juntadeandalucia.es\/institutodeestadisticaycartografia\/educaieca-contenidos\/#\/schema\/person\/image\/","url":"https:\/\/secure.gravatar.com\/avatar\/d631da9ec6322035ad7e8bd2c0ab6c44253b5f4f1a46f7fa0dbdd4535ab05801?s=96&d=mm&r=g","contentUrl":"https:\/\/secure.gravatar.com\/avatar\/d631da9ec6322035ad7e8bd2c0ab6c44253b5f4f1a46f7fa0dbdd4535ab05801?s=96&d=mm&r=g","caption":"educaiecawp"},"sameAs":["http:\/\/ws205.juntadeandalucia.es\/educaiecawp"],"url":"https:\/\/www.juntadeandalucia.es\/institutodeestadisticaycartografia\/educaieca-contenidos\/author\/educaiecawp\/"}]}},"_links":{"self":[{"href":"https:\/\/www.juntadeandalucia.es\/institutodeestadisticaycartografia\/educaieca-contenidos\/wp-json\/wp\/v2\/posts\/5568","targetHints":{"allow":["GET"]}}],"collection":[{"href":"https:\/\/www.juntadeandalucia.es\/institutodeestadisticaycartografia\/educaieca-contenidos\/wp-json\/wp\/v2\/posts"}],"about":[{"href":"https:\/\/www.juntadeandalucia.es\/institutodeestadisticaycartografia\/educaieca-contenidos\/wp-json\/wp\/v2\/types\/post"}],"author":[{"embeddable":true,"href":"https:\/\/www.juntadeandalucia.es\/institutodeestadisticaycartografia\/educaieca-contenidos\/wp-json\/wp\/v2\/users\/6"}],"replies":[{"embeddable":true,"href":"https:\/\/www.juntadeandalucia.es\/institutodeestadisticaycartografia\/educaieca-contenidos\/wp-json\/wp\/v2\/comments?post=5568"}],"version-history":[{"count":4,"href":"https:\/\/www.juntadeandalucia.es\/institutodeestadisticaycartografia\/educaieca-contenidos\/wp-json\/wp\/v2\/posts\/5568\/revisions"}],"predecessor-version":[{"id":5586,"href":"https:\/\/www.juntadeandalucia.es\/institutodeestadisticaycartografia\/educaieca-contenidos\/wp-json\/wp\/v2\/posts\/5568\/revisions\/5586"}],"wp:featuredmedia":[{"embeddable":true,"href":"https:\/\/www.juntadeandalucia.es\/institutodeestadisticaycartografia\/educaieca-contenidos\/wp-json\/wp\/v2\/media\/5584"}],"wp:attachment":[{"href":"https:\/\/www.juntadeandalucia.es\/institutodeestadisticaycartografia\/educaieca-contenidos\/wp-json\/wp\/v2\/media?parent=5568"}],"wp:term":[{"taxonomy":"category","embeddable":true,"href":"https:\/\/www.juntadeandalucia.es\/institutodeestadisticaycartografia\/educaieca-contenidos\/wp-json\/wp\/v2\/categories?post=5568"},{"taxonomy":"post_tag","embeddable":true,"href":"https:\/\/www.juntadeandalucia.es\/institutodeestadisticaycartografia\/educaieca-contenidos\/wp-json\/wp\/v2\/tags?post=5568"}],"curies":[{"name":"wp","href":"https:\/\/api.w.org\/{rel}","templated":true}]}}