{"id":5978,"date":"2026-04-17T11:38:39","date_gmt":"2026-04-17T09:38:39","guid":{"rendered":"https:\/\/www.juntadeandalucia.es\/institutodeestadisticaycartografia\/educaieca-contenidos\/?p=5978"},"modified":"2026-05-25T10:46:38","modified_gmt":"2026-05-25T08:46:38","slug":"concurso-escolar-andalucia-en-un-mapa","status":"publish","type":"post","link":"https:\/\/www.juntadeandalucia.es\/institutodeestadisticaycartografia\/educaieca-contenidos\/concurso-escolar-andalucia-en-un-mapa\/","title":{"rendered":"15\u00ba Concurso escolar \u00abAndaluc\u00eda en un mapa\u00bb"},"content":{"rendered":"<p><div class=\"fusion-fullwidth fullwidth-box fusion-builder-row-1 fusion-flex-container has-pattern-background has-mask-background nonhundred-percent-fullwidth non-hundred-percent-height-scrolling\" style=\"--awb-border-radius-top-left:0px;--awb-border-radius-top-right:0px;--awb-border-radius-bottom-right:0px;--awb-border-radius-bottom-left:0px;\" ><div class=\"fusion-builder-row fusion-row fusion-flex-align-items-flex-start\" style=\"max-width:1216.8px;margin-left: calc(-4% \/ 2 );margin-right: calc(-4% \/ 2 );\"><div class=\"fusion-layout-column fusion_builder_column fusion-builder-column-0 fusion_builder_column_1_1 1_1 fusion-flex-column\" style=\"--awb-padding-top:30px;--awb-padding-right:30px;--awb-padding-bottom:30px;--awb-padding-left:30px;--awb-overflow:hidden;--awb-bg-color:#ffffff;--awb-bg-size:cover;--awb-box-shadow:0px 10px 21px 0px rgba(0,0,0,0.24);;--awb-border-color:#ffffff;--awb-border-top:4px;--awb-border-right:4px;--awb-border-bottom:4px;--awb-border-left:4px;--awb-border-style:solid;--awb-border-radius:8px 8px 8px 8px;--awb-width-large:100%;--awb-margin-top-large:0px;--awb-spacing-right-large:1.92%;--awb-margin-bottom-large:0px;--awb-spacing-left-large:1.92%;--awb-width-medium:100%;--awb-order-medium:0;--awb-spacing-right-medium:1.92%;--awb-spacing-left-medium:1.92%;--awb-width-small:100%;--awb-order-small:0;--awb-spacing-right-small:1.92%;--awb-spacing-left-small:1.92%;\"><div class=\"fusion-column-wrapper fusion-column-has-shadow fusion-flex-justify-content-flex-start fusion-content-layout-column\"><div class=\"fusion-image-element \" style=\"--awb-caption-title-size:var(--h2_typography-font-size);--awb-caption-title-transform:var(--h2_typography-text-transform);--awb-caption-title-line-height:var(--h2_typography-line-height);--awb-caption-title-letter-spacing:var(--h2_typography-letter-spacing);\"><span class=\" fusion-imageframe imageframe-none imageframe-1 hover-type-none\"><img decoding=\"async\" width=\"1920\" height=\"1080\" alt=\"Concurso Escolar Andaluc\u00eda en un mapa 2026\" title=\"Concurso_IECA_2026\" src=\"https:\/\/www.juntadeandalucia.es\/institutodeestadisticaycartografia\/educaieca-contenidos\/wp-content\/uploads\/2026\/01\/Concurso_IECA_2026.jpg\" class=\"img-responsive wp-image-5990\" srcset=\"https:\/\/www.juntadeandalucia.es\/institutodeestadisticaycartografia\/educaieca-contenidos\/wp-content\/uploads\/2026\/01\/Concurso_IECA_2026-200x113.jpg 200w, https:\/\/www.juntadeandalucia.es\/institutodeestadisticaycartografia\/educaieca-contenidos\/wp-content\/uploads\/2026\/01\/Concurso_IECA_2026-400x225.jpg 400w, https:\/\/www.juntadeandalucia.es\/institutodeestadisticaycartografia\/educaieca-contenidos\/wp-content\/uploads\/2026\/01\/Concurso_IECA_2026-600x338.jpg 600w, https:\/\/www.juntadeandalucia.es\/institutodeestadisticaycartografia\/educaieca-contenidos\/wp-content\/uploads\/2026\/01\/Concurso_IECA_2026-800x450.jpg 800w, https:\/\/www.juntadeandalucia.es\/institutodeestadisticaycartografia\/educaieca-contenidos\/wp-content\/uploads\/2026\/01\/Concurso_IECA_2026-1200x675.jpg 1200w, https:\/\/www.juntadeandalucia.es\/institutodeestadisticaycartografia\/educaieca-contenidos\/wp-content\/uploads\/2026\/01\/Concurso_IECA_2026.jpg 1920w\" sizes=\"(max-width: 1024px) 100vw, (max-width: 640px) 100vw, 1200px\" \/><\/span><\/div><\/div><\/div><div class=\"fusion-layout-column fusion_builder_column fusion-builder-column-1 fusion_builder_column_1_1 1_1 fusion-flex-column\" style=\"--awb-bg-size:cover;--awb-width-large:100%;--awb-margin-top-large:0px;--awb-spacing-right-large:1.92%;--awb-margin-bottom-large:0px;--awb-spacing-left-large:1.92%;--awb-width-medium:100%;--awb-order-medium:0;--awb-spacing-right-medium:1.92%;--awb-spacing-left-medium:1.92%;--awb-width-small:100%;--awb-order-small:0;--awb-spacing-right-small:1.92%;--awb-spacing-left-small:1.92%;\"><div class=\"fusion-column-wrapper fusion-column-has-shadow fusion-flex-justify-content-flex-start fusion-content-layout-column\"><div class=\"fusion-separator fusion-full-width-sep\" style=\"align-self: center;margin-left: auto;margin-right: auto;margin-top:40px;width:100%;\"><\/div><div class=\"fusion-text fusion-text-1\"><p>El objeto de este concurso es promover la utilizaci\u00f3n de la cartograf\u00eda y la estad\u00edstica entre la comunidad escolar como herramientas did\u00e1cticas y de representaci\u00f3n creativa del territorio andaluz, con el fin \u00faltimo de aproximar a las personas participantes en el concurso a la importancia que la representaci\u00f3n cartogr\u00e1fica y el mapa tienen como instrumento pedag\u00f3gico y transmisor de informaci\u00f3n, as\u00ed como elemento de identificaci\u00f3n y sensibilizaci\u00f3n del alumnado con el territorio en el que viven.<\/p>\n<\/div><\/div><\/div><\/div><\/div><div class=\"fusion-fullwidth fullwidth-box fusion-builder-row-2 fusion-flex-container has-pattern-background has-mask-background nonhundred-percent-fullwidth non-hundred-percent-height-scrolling\" style=\"--awb-border-radius-top-left:0px;--awb-border-radius-top-right:0px;--awb-border-radius-bottom-right:0px;--awb-border-radius-bottom-left:0px;\" ><div class=\"fusion-builder-row fusion-row fusion-flex-align-items-flex-start\" style=\"max-width:1216.8px;margin-left: calc(-4% \/ 2 );margin-right: calc(-4% \/ 2 );\"><div class=\"fusion-layout-column fusion_builder_column fusion-builder-column-2 fusion_builder_column_1_1 1_1 fusion-flex-column\" style=\"--awb-bg-size:cover;--awb-width-large:100%;--awb-margin-top-large:0px;--awb-spacing-right-large:1.92%;--awb-margin-bottom-large:0px;--awb-spacing-left-large:1.92%;--awb-width-medium:100%;--awb-order-medium:0;--awb-spacing-right-medium:1.92%;--awb-spacing-left-medium:1.92%;--awb-width-small:100%;--awb-order-small:0;--awb-spacing-right-small:1.92%;--awb-spacing-left-small:1.92%;\"><div class=\"fusion-column-wrapper fusion-column-has-shadow fusion-flex-justify-content-flex-start fusion-content-layout-column\"><div class=\"fusion-title title fusion-title-1 fusion-sep-none fusion-title-text fusion-title-size-two\"><h2 class=\"title-heading-left\"><strong>Informaci\u00f3n<\/strong><\/h2><\/div><div class=\"fusion-text fusion-text-2\"><p><a href=\"https:\/\/www.juntadeandalucia.es\/institutodeestadisticaycartografia\/educaieca-contenidos\/wp-content\/uploads\/2026\/05\/099-educaieca-concurso-escolar-2026-fallo-jurado.pdf\" target=\"_blank\" rel=\"noopener\">Resoluci\u00f3n de 11 de mayo de 2026, del Instituto de Estad\u00edstica y Cartograf\u00eda de Andaluc\u00eda, por la que se publica el fallo del jurado sobre la convocatoria del concurso escolar 2026 \u00abAndaluc\u00eda en un mapa\u00bb<\/a><\/p>\n<p><a href=\"https:\/\/www.juntadeandalucia.es\/institutodeestadisticaycartografia\/educaieca-contenidos\/wp-content\/uploads\/2026\/05\/099-educaieca-concurso-escolar-2026-trabajos-presentados.pdf\" target=\"_blank\" rel=\"noopener\">Trabajos presentados<\/a><\/p>\n<p><a href=\"https:\/\/www.juntadeandalucia.es\/institutodeestadisticaycartografia\/educaieca-contenidos\/wp-content\/uploads\/2026\/05\/099-educaieca-concurso-escolar-2026-trabajos-admitidos.pdf\" target=\"_blank\" rel=\"noopener\">Trabajos admitidos<\/a><\/p>\n<p><a href=\"https:\/\/www.juntadeandalucia.es\/institutodeestadisticaycartografia\/educaieca-contenidos\/wp-content\/uploads\/2026\/01\/Informacion-Basica-2026.pdf\" target=\"_blank\" rel=\"noopener\">Informaci\u00f3n b\u00e1sica<\/a><\/p>\n<p><a href=\"https:\/\/www.juntadeandalucia.es\/institutodeestadisticaycartografia\/educaieca-contenidos\/wp-content\/uploads\/2026\/01\/Convocatoria-2026.pdf\" target=\"_blank\" rel=\"noopener\">Convocatoria de la 15\u00aa edici\u00f3n del Concurso \u00abAndaluc\u00eda en un mapa\u00bb<\/a><\/p>\n<p><a href=\"https:\/\/www.juntadeandalucia.es\/institutodeestadisticaycartografia\/didactica\/mapa\/novenoconcurso\/Bases.pdf\" target=\"_blank\" rel=\"noopener\">Bases del Concurso \u00abAndaluc\u00eda en un mapa\u00bb<\/a><\/p>\n<p><!--\n<a href=\"https:\/\/www.juntadeandalucia.es\/institutodeestadisticaycartografia\/educaieca-contenidos\/wp-content\/uploads\/2025\/03\/06_RESOLUCION-NOMBRAMIENTO-JURADO-2025.pdf\" target=\"_blank\" rel=\"noopener\">Resoluci\u00f3n del Instituto de Estad\u00edstica y Cartograf\u00eda de Andaluc\u00eda, por la que se nombran las personas integrantes del jurado del Concurso Escolar 2025 \u201cAndaluc\u00eda en un mapa\u201d<\/a>\n--><\/p>\n<p><!--<a href=\"https:\/\/www.juntadeandalucia.es\/institutodeestadisticaycartografia\/educaieca-contenidos\/wp-content\/uploads\/2025\/04\/TRABAJOS-EXCLUIDOS-2025.pdf\" target=\"_blank\" rel=\"noopener\">Trabajos excluidos<\/a>--><\/p>\n<\/div><div class=\"fusion-separator fusion-full-width-sep\" style=\"align-self: center;margin-left: auto;margin-right: auto;margin-top:40px;width:100%;\"><\/div><\/div><\/div><\/div><\/div><div class=\"fusion-fullwidth fullwidth-box fusion-builder-row-3 fusion-flex-container has-pattern-background has-mask-background nonhundred-percent-fullwidth non-hundred-percent-height-scrolling\" style=\"--awb-border-radius-top-left:0px;--awb-border-radius-top-right:0px;--awb-border-radius-bottom-right:0px;--awb-border-radius-bottom-left:0px;\" ><div class=\"fusion-builder-row fusion-row fusion-flex-align-items-flex-start\" style=\"max-width:1216.8px;margin-left: calc(-4% \/ 2 );margin-right: calc(-4% \/ 2 );\"><div class=\"fusion-layout-column fusion_builder_column fusion-builder-column-3 fusion_builder_column_1_1 1_1 fusion-flex-column\" style=\"--awb-bg-size:cover;--awb-width-large:100%;--awb-margin-top-large:0px;--awb-spacing-right-large:1.92%;--awb-margin-bottom-large:0px;--awb-spacing-left-large:1.92%;--awb-width-medium:100%;--awb-order-medium:0;--awb-spacing-right-medium:1.92%;--awb-spacing-left-medium:1.92%;--awb-width-small:100%;--awb-order-small:0;--awb-spacing-right-small:1.92%;--awb-spacing-left-small:1.92%;\"><div class=\"fusion-column-wrapper fusion-column-has-shadow fusion-flex-justify-content-flex-start fusion-content-layout-column\"><div class=\"fusion-title title fusion-title-2 fusion-sep-none fusion-title-text fusion-title-size-two\"><h2 class=\"title-heading-left\"><strong>Anexo<\/strong><\/h2><\/div><div class=\"fusion-text fusion-text-3\"><p><a href=\"https:\/\/www.juntadeandalucia.es\/institutodeestadisticaycartografia\/didactica\/mapa\/duodecimoconcurso\/AnexoI.pdf\" target=\"_blank\" rel=\"noopener\">Anexo I. Obras presentadas a la fase final por cada centro.<\/a><\/p>\n<p><a href=\"https:\/\/www.juntadeandalucia.es\/institutodeestadisticaycartografia\/didactica\/mapa\/duodecimoconcurso\/AnexoII.pdf\" target=\"_blank\" rel=\"noopener\">Anexo II. Datos de la obra.<\/a><\/p>\n<p><a href=\"https:\/\/www.juntadeandalucia.es\/institutodeestadisticaycartografia\/didactica\/mapa\/duodecimoconcurso\/AnexoIII.pdf\" target=\"_blank\" rel=\"noopener\">Anexo III. Autorizaci\u00f3n de los padres\/madres o tutores.<\/a><\/p>\n<\/div><div class=\"fusion-separator fusion-full-width-sep\" style=\"align-self: center;margin-left: auto;margin-right: auto;margin-top:40px;width:100%;\"><\/div><\/div><\/div><\/div><\/div><div class=\"fusion-fullwidth fullwidth-box fusion-builder-row-4 fusion-flex-container has-pattern-background has-mask-background nonhundred-percent-fullwidth non-hundred-percent-height-scrolling\" style=\"--awb-border-radius-top-left:0px;--awb-border-radius-top-right:0px;--awb-border-radius-bottom-right:0px;--awb-border-radius-bottom-left:0px;\" ><div class=\"fusion-builder-row fusion-row fusion-flex-align-items-flex-start\" style=\"max-width:1216.8px;margin-left: calc(-4% \/ 2 );margin-right: calc(-4% \/ 2 );\"><div class=\"fusion-layout-column fusion_builder_column fusion-builder-column-4 fusion_builder_column_1_1 1_1 fusion-flex-column\" style=\"--awb-bg-size:cover;--awb-width-large:100%;--awb-margin-top-large:0px;--awb-spacing-right-large:1.92%;--awb-margin-bottom-large:0px;--awb-spacing-left-large:1.92%;--awb-width-medium:100%;--awb-order-medium:0;--awb-spacing-right-medium:1.92%;--awb-spacing-left-medium:1.92%;--awb-width-small:100%;--awb-order-small:0;--awb-spacing-right-small:1.92%;--awb-spacing-left-small:1.92%;\"><div class=\"fusion-column-wrapper fusion-column-has-shadow fusion-flex-justify-content-flex-start fusion-content-layout-column\"><div class=\"fusion-title title fusion-title-3 fusion-sep-none fusion-title-text fusion-title-size-two\"><h2 class=\"title-heading-left\"><strong>Galer\u00eda de trabajos premiados<\/strong><\/h2><\/div><div class=\"fusion-text fusion-text-4\"><p><strong>Categor\u00eda A. Educaci\u00f3n Infantil y Primer Ciclo de Primaria<\/strong><\/p>\n<\/div><div class=\"fusion-separator fusion-full-width-sep\" style=\"align-self: center;margin-left: auto;margin-right: auto;margin-top:40px;width:100%;\"><\/div><\/div><\/div><div class=\"fusion-layout-column fusion_builder_column fusion-builder-column-5 fusion_builder_column_1_1 1_1 fusion-flex-column\" style=\"--awb-padding-top:30px;--awb-padding-right:30px;--awb-padding-bottom:30px;--awb-padding-left:30px;--awb-overflow:hidden;--awb-bg-color:#ffffff;--awb-bg-size:cover;--awb-box-shadow:0px 10px 21px 0px rgba(0,0,0,0.24);;--awb-border-color:#ffffff;--awb-border-top:4px;--awb-border-right:4px;--awb-border-bottom:4px;--awb-border-left:4px;--awb-border-style:solid;--awb-border-radius:8px 8px 8px 8px;--awb-width-large:100%;--awb-margin-top-large:0px;--awb-spacing-right-large:1.92%;--awb-margin-bottom-large:0px;--awb-spacing-left-large:1.92%;--awb-width-medium:100%;--awb-order-medium:0;--awb-spacing-right-medium:1.92%;--awb-spacing-left-medium:1.92%;--awb-width-small:100%;--awb-order-small:0;--awb-spacing-right-small:1.92%;--awb-spacing-left-small:1.92%;\"><div class=\"fusion-column-wrapper fusion-column-has-shadow fusion-flex-justify-content-flex-start fusion-content-layout-column\"><div class=\"fusion-text fusion-text-5\"><p><strong>Premio: \u00abEl pueblo de nuestras abuelas y abuelos\u00bb, obra colectiva realizada por alumnado de educaci\u00f3n infantil del Colegio de Educaci\u00f3n Infantil y Primaria Juan Rufo de C\u00f3rdoba.<\/strong><\/p>\n<\/div><div class=\"fusion-image-element \" style=\"--awb-caption-title-size:var(--h2_typography-font-size);--awb-caption-title-transform:var(--h2_typography-text-transform);--awb-caption-title-line-height:var(--h2_typography-line-height);--awb-caption-title-letter-spacing:var(--h2_typography-letter-spacing);\"><span class=\" fusion-imageframe imageframe-none imageframe-2 hover-type-none\"><img decoding=\"async\" width=\"800\" height=\"600\" alt=\"Premio: \u00abEl pueblo de nuestras abuelas y abuelos\u00bb, obra colectiva realizada por alumnado de educaci\u00f3n infantil del Colegio de Educaci\u00f3n Infantil y Primaria de C\u00f3rdoba\" title=\"Premio-Categoria-A-Pueblo-abuelos-1\" src=\"https:\/\/www.juntadeandalucia.es\/institutodeestadisticaycartografia\/educaieca-contenidos\/wp-content\/uploads\/2026\/04\/Premio-Categoria-A-Pueblo-abuelos-1.jpg\" class=\"img-responsive wp-image-6341\" srcset=\"https:\/\/www.juntadeandalucia.es\/institutodeestadisticaycartografia\/educaieca-contenidos\/wp-content\/uploads\/2026\/04\/Premio-Categoria-A-Pueblo-abuelos-1-200x150.jpg 200w, https:\/\/www.juntadeandalucia.es\/institutodeestadisticaycartografia\/educaieca-contenidos\/wp-content\/uploads\/2026\/04\/Premio-Categoria-A-Pueblo-abuelos-1-400x300.jpg 400w, https:\/\/www.juntadeandalucia.es\/institutodeestadisticaycartografia\/educaieca-contenidos\/wp-content\/uploads\/2026\/04\/Premio-Categoria-A-Pueblo-abuelos-1-600x450.jpg 600w, https:\/\/www.juntadeandalucia.es\/institutodeestadisticaycartografia\/educaieca-contenidos\/wp-content\/uploads\/2026\/04\/Premio-Categoria-A-Pueblo-abuelos-1.jpg 800w\" sizes=\"(max-width: 1024px) 100vw, (max-width: 640px) 100vw, 800px\" \/><\/span><\/div><div class=\"fusion-separator fusion-full-width-sep\" style=\"align-self: center;margin-left: auto;margin-right: auto;margin-top:40px;width:100%;\"><\/div><div class=\"fusion-builder-row fusion-builder-row-inner fusion-row fusion-flex-align-items-flex-start\" style=\"width:104% !important;max-width:104% !important;margin-left: calc(-4% \/ 2 );margin-right: calc(-4% \/ 2 );\"><div class=\"fusion-layout-column fusion_builder_column_inner fusion-builder-nested-column-0 fusion_builder_column_inner_1_3 1_3 fusion-flex-column\" style=\"--awb-bg-size:cover;--awb-width-large:33.333333333333%;--awb-margin-top-large:0px;--awb-spacing-right-large:5.76%;--awb-margin-bottom-large:0px;--awb-spacing-left-large:5.76%;--awb-width-medium:100%;--awb-order-medium:0;--awb-spacing-right-medium:1.92%;--awb-spacing-left-medium:1.92%;--awb-width-small:100%;--awb-order-small:0;--awb-spacing-right-small:1.92%;--awb-spacing-left-small:1.92%;\"><div class=\"fusion-column-wrapper fusion-column-has-shadow fusion-flex-justify-content-flex-start fusion-content-layout-column\"><div class=\"fusion-image-element \" style=\"--awb-caption-title-size:var(--h2_typography-font-size);--awb-caption-title-transform:var(--h2_typography-text-transform);--awb-caption-title-line-height:var(--h2_typography-line-height);--awb-caption-title-letter-spacing:var(--h2_typography-letter-spacing);\"><span class=\" fusion-imageframe imageframe-none imageframe-3 hover-type-none\"><img decoding=\"async\" width=\"400\" height=\"300\" alt=\"Premio: \u00abEl pueblo de nuestras abuelas y abuelos\u00bb, obra colectiva realizada por alumnado de educaci\u00f3n infantil del Colegio de Educaci\u00f3n Infantil y Primaria de C\u00f3rdoba\" title=\"Premio-Categoria-A-Pueblo-abuelos-2\" src=\"https:\/\/www.juntadeandalucia.es\/institutodeestadisticaycartografia\/educaieca-contenidos\/wp-content\/uploads\/2026\/04\/Premio-Categoria-A-Pueblo-abuelos-2.jpg\" class=\"img-responsive wp-image-6342\" srcset=\"https:\/\/www.juntadeandalucia.es\/institutodeestadisticaycartografia\/educaieca-contenidos\/wp-content\/uploads\/2026\/04\/Premio-Categoria-A-Pueblo-abuelos-2-200x150.jpg 200w, https:\/\/www.juntadeandalucia.es\/institutodeestadisticaycartografia\/educaieca-contenidos\/wp-content\/uploads\/2026\/04\/Premio-Categoria-A-Pueblo-abuelos-2.jpg 400w\" sizes=\"(max-width: 1024px) 100vw, (max-width: 640px) 100vw, 400px\" \/><\/span><\/div><\/div><\/div><div class=\"fusion-layout-column fusion_builder_column_inner fusion-builder-nested-column-1 fusion_builder_column_inner_1_3 1_3 fusion-flex-column\" style=\"--awb-bg-size:cover;--awb-width-large:33.333333333333%;--awb-margin-top-large:0px;--awb-spacing-right-large:5.76%;--awb-margin-bottom-large:0px;--awb-spacing-left-large:5.76%;--awb-width-medium:100%;--awb-order-medium:0;--awb-spacing-right-medium:1.92%;--awb-spacing-left-medium:1.92%;--awb-width-small:100%;--awb-order-small:0;--awb-spacing-right-small:1.92%;--awb-spacing-left-small:1.92%;\"><div class=\"fusion-column-wrapper fusion-column-has-shadow fusion-flex-justify-content-flex-start fusion-content-layout-column\"><div class=\"fusion-image-element \" style=\"--awb-caption-title-size:var(--h2_typography-font-size);--awb-caption-title-transform:var(--h2_typography-text-transform);--awb-caption-title-line-height:var(--h2_typography-line-height);--awb-caption-title-letter-spacing:var(--h2_typography-letter-spacing);\"><span class=\" fusion-imageframe imageframe-none imageframe-4 hover-type-none\"><img decoding=\"async\" width=\"400\" height=\"300\" title=\"Premio-Categoria-A-Pueblo-abuelos-3\" src=\"https:\/\/www.juntadeandalucia.es\/institutodeestadisticaycartografia\/educaieca-contenidos\/wp-content\/uploads\/2026\/04\/Premio-Categoria-A-Pueblo-abuelos-3.jpg\" alt class=\"img-responsive wp-image-6343\" srcset=\"https:\/\/www.juntadeandalucia.es\/institutodeestadisticaycartografia\/educaieca-contenidos\/wp-content\/uploads\/2026\/04\/Premio-Categoria-A-Pueblo-abuelos-3-200x150.jpg 200w, https:\/\/www.juntadeandalucia.es\/institutodeestadisticaycartografia\/educaieca-contenidos\/wp-content\/uploads\/2026\/04\/Premio-Categoria-A-Pueblo-abuelos-3.jpg 400w\" sizes=\"(max-width: 1024px) 100vw, (max-width: 640px) 100vw, 400px\" \/><\/span><\/div><\/div><\/div><div class=\"fusion-layout-column fusion_builder_column_inner fusion-builder-nested-column-2 fusion_builder_column_inner_1_3 1_3 fusion-flex-column\" style=\"--awb-bg-size:cover;--awb-width-large:33.333333333333%;--awb-margin-top-large:0px;--awb-spacing-right-large:5.76%;--awb-margin-bottom-large:0px;--awb-spacing-left-large:5.76%;--awb-width-medium:100%;--awb-order-medium:0;--awb-spacing-right-medium:1.92%;--awb-spacing-left-medium:1.92%;--awb-width-small:100%;--awb-order-small:0;--awb-spacing-right-small:1.92%;--awb-spacing-left-small:1.92%;\"><div class=\"fusion-column-wrapper fusion-column-has-shadow fusion-flex-justify-content-flex-start fusion-content-layout-column\"><div class=\"fusion-image-element \" style=\"--awb-caption-title-size:var(--h2_typography-font-size);--awb-caption-title-transform:var(--h2_typography-text-transform);--awb-caption-title-line-height:var(--h2_typography-line-height);--awb-caption-title-letter-spacing:var(--h2_typography-letter-spacing);\"><span class=\" fusion-imageframe imageframe-none imageframe-5 hover-type-none\"><img decoding=\"async\" width=\"400\" height=\"300\" title=\"Premio-Categoria-A-Pueblo-abuelos-4\" src=\"https:\/\/www.juntadeandalucia.es\/institutodeestadisticaycartografia\/educaieca-contenidos\/wp-content\/uploads\/2026\/04\/Premio-Categoria-A-Pueblo-abuelos-4.jpg\" alt class=\"img-responsive wp-image-6344\" srcset=\"https:\/\/www.juntadeandalucia.es\/institutodeestadisticaycartografia\/educaieca-contenidos\/wp-content\/uploads\/2026\/04\/Premio-Categoria-A-Pueblo-abuelos-4-200x150.jpg 200w, https:\/\/www.juntadeandalucia.es\/institutodeestadisticaycartografia\/educaieca-contenidos\/wp-content\/uploads\/2026\/04\/Premio-Categoria-A-Pueblo-abuelos-4.jpg 400w\" sizes=\"(max-width: 1024px) 100vw, (max-width: 640px) 100vw, 400px\" \/><\/span><\/div><\/div><\/div><\/div><\/div><\/div><div class=\"fusion-layout-column fusion_builder_column fusion-builder-column-6 fusion_builder_column_1_1 1_1 fusion-flex-column\" style=\"--awb-bg-size:cover;--awb-width-large:100%;--awb-margin-top-large:0px;--awb-spacing-right-large:1.92%;--awb-margin-bottom-large:0px;--awb-spacing-left-large:1.92%;--awb-width-medium:100%;--awb-order-medium:0;--awb-spacing-right-medium:1.92%;--awb-spacing-left-medium:1.92%;--awb-width-small:100%;--awb-order-small:0;--awb-spacing-right-small:1.92%;--awb-spacing-left-small:1.92%;\"><div class=\"fusion-column-wrapper fusion-column-has-shadow fusion-flex-justify-content-flex-start fusion-content-layout-column\"><div class=\"fusion-separator fusion-full-width-sep\" style=\"align-self: center;margin-left: auto;margin-right: auto;margin-top:40px;width:100%;\"><\/div><\/div><\/div><div class=\"fusion-layout-column fusion_builder_column fusion-builder-column-7 fusion_builder_column_1_1 1_1 fusion-flex-column\" style=\"--awb-padding-top:30px;--awb-padding-right:30px;--awb-padding-bottom:30px;--awb-padding-left:30px;--awb-overflow:hidden;--awb-bg-color:#ffffff;--awb-bg-size:cover;--awb-box-shadow:0px 10px 21px 0px rgba(0,0,0,0.24);;--awb-border-color:#ffffff;--awb-border-top:4px;--awb-border-right:4px;--awb-border-bottom:4px;--awb-border-left:4px;--awb-border-style:solid;--awb-border-radius:8px 8px 8px 8px;--awb-width-large:100%;--awb-margin-top-large:0px;--awb-spacing-right-large:1.92%;--awb-margin-bottom-large:0px;--awb-spacing-left-large:1.92%;--awb-width-medium:100%;--awb-order-medium:0;--awb-spacing-right-medium:1.92%;--awb-spacing-left-medium:1.92%;--awb-width-small:100%;--awb-order-small:0;--awb-spacing-right-small:1.92%;--awb-spacing-left-small:1.92%;\"><div class=\"fusion-column-wrapper fusion-column-has-shadow fusion-flex-justify-content-flex-start fusion-content-layout-column\"><div class=\"fusion-text fusion-text-6\"><p><strong>Acc\u00e9sit: \u00abEl viaje de la chef Juanita por Andaluc\u00eda\u00bb, obra colectiva de alumnado de educaci\u00f3n infantil del Colegio de Educaci\u00f3n Infantil y Primaria Torrequebrada de Roquetas de Mar (Almer\u00eda)<\/strong><\/p>\n<\/div><div class=\"fusion-image-element \" style=\"--awb-caption-title-size:var(--h2_typography-font-size);--awb-caption-title-transform:var(--h2_typography-text-transform);--awb-caption-title-line-height:var(--h2_typography-line-height);--awb-caption-title-letter-spacing:var(--h2_typography-letter-spacing);\"><span class=\" fusion-imageframe imageframe-none imageframe-6 hover-type-none\"><img decoding=\"async\" width=\"800\" height=\"600\" alt=\"Acc\u00e9sit: \u00abEl viaje de la chef Juanita por Andaluc\u00eda\u00bb, obra colectiva de alumnado de educaci\u00f3n infantil del Colegio de Educaci\u00f3n Infantil y Primaria Torrequebrada de Roquetas de Mar (Almer\u00eda)\" title=\"Accesit-Categoria-A-Viaje-chef-juanita-1\" src=\"https:\/\/www.juntadeandalucia.es\/institutodeestadisticaycartografia\/educaieca-contenidos\/wp-content\/uploads\/2026\/04\/Accesit-Categoria-A-Viaje-chef-juanita-1.jpg\" class=\"img-responsive wp-image-6345\" srcset=\"https:\/\/www.juntadeandalucia.es\/institutodeestadisticaycartografia\/educaieca-contenidos\/wp-content\/uploads\/2026\/04\/Accesit-Categoria-A-Viaje-chef-juanita-1-200x150.jpg 200w, https:\/\/www.juntadeandalucia.es\/institutodeestadisticaycartografia\/educaieca-contenidos\/wp-content\/uploads\/2026\/04\/Accesit-Categoria-A-Viaje-chef-juanita-1-400x300.jpg 400w, https:\/\/www.juntadeandalucia.es\/institutodeestadisticaycartografia\/educaieca-contenidos\/wp-content\/uploads\/2026\/04\/Accesit-Categoria-A-Viaje-chef-juanita-1-600x450.jpg 600w, https:\/\/www.juntadeandalucia.es\/institutodeestadisticaycartografia\/educaieca-contenidos\/wp-content\/uploads\/2026\/04\/Accesit-Categoria-A-Viaje-chef-juanita-1.jpg 800w\" sizes=\"(max-width: 1024px) 100vw, (max-width: 640px) 100vw, 800px\" \/><\/span><\/div><div class=\"fusion-separator fusion-full-width-sep\" style=\"align-self: center;margin-left: auto;margin-right: auto;margin-top:40px;width:100%;\"><\/div><div class=\"fusion-builder-row fusion-builder-row-inner fusion-row fusion-flex-align-items-flex-start\" style=\"width:104% !important;max-width:104% !important;margin-left: calc(-4% \/ 2 );margin-right: calc(-4% \/ 2 );\"><div class=\"fusion-layout-column fusion_builder_column_inner fusion-builder-nested-column-3 fusion_builder_column_inner_1_3 1_3 fusion-flex-column\" style=\"--awb-bg-size:cover;--awb-width-large:33.333333333333%;--awb-margin-top-large:0px;--awb-spacing-right-large:5.76%;--awb-margin-bottom-large:0px;--awb-spacing-left-large:5.76%;--awb-width-medium:100%;--awb-order-medium:0;--awb-spacing-right-medium:1.92%;--awb-spacing-left-medium:1.92%;--awb-width-small:100%;--awb-order-small:0;--awb-spacing-right-small:1.92%;--awb-spacing-left-small:1.92%;\"><div class=\"fusion-column-wrapper fusion-column-has-shadow fusion-flex-justify-content-flex-start fusion-content-layout-column\"><div class=\"fusion-image-element \" style=\"--awb-caption-title-size:var(--h2_typography-font-size);--awb-caption-title-transform:var(--h2_typography-text-transform);--awb-caption-title-line-height:var(--h2_typography-line-height);--awb-caption-title-letter-spacing:var(--h2_typography-letter-spacing);\"><span class=\" fusion-imageframe imageframe-none imageframe-7 hover-type-none\"><img decoding=\"async\" width=\"400\" height=\"300\" title=\"Accesit-Categoria-A-Viaje-chef-juanita-2\" src=\"https:\/\/www.juntadeandalucia.es\/institutodeestadisticaycartografia\/educaieca-contenidos\/wp-content\/uploads\/2026\/04\/Accesit-Categoria-A-Viaje-chef-juanita-2.jpg\" alt class=\"img-responsive wp-image-6346\" srcset=\"https:\/\/www.juntadeandalucia.es\/institutodeestadisticaycartografia\/educaieca-contenidos\/wp-content\/uploads\/2026\/04\/Accesit-Categoria-A-Viaje-chef-juanita-2-200x150.jpg 200w, https:\/\/www.juntadeandalucia.es\/institutodeestadisticaycartografia\/educaieca-contenidos\/wp-content\/uploads\/2026\/04\/Accesit-Categoria-A-Viaje-chef-juanita-2.jpg 400w\" sizes=\"(max-width: 1024px) 100vw, (max-width: 640px) 100vw, 400px\" \/><\/span><\/div><\/div><\/div><div class=\"fusion-layout-column fusion_builder_column_inner fusion-builder-nested-column-4 fusion_builder_column_inner_1_3 1_3 fusion-flex-column\" style=\"--awb-bg-size:cover;--awb-width-large:33.333333333333%;--awb-margin-top-large:0px;--awb-spacing-right-large:5.76%;--awb-margin-bottom-large:0px;--awb-spacing-left-large:5.76%;--awb-width-medium:100%;--awb-order-medium:0;--awb-spacing-right-medium:1.92%;--awb-spacing-left-medium:1.92%;--awb-width-small:100%;--awb-order-small:0;--awb-spacing-right-small:1.92%;--awb-spacing-left-small:1.92%;\"><div class=\"fusion-column-wrapper fusion-column-has-shadow fusion-flex-justify-content-flex-start fusion-content-layout-column\"><div class=\"fusion-image-element \" style=\"--awb-caption-title-size:var(--h2_typography-font-size);--awb-caption-title-transform:var(--h2_typography-text-transform);--awb-caption-title-line-height:var(--h2_typography-line-height);--awb-caption-title-letter-spacing:var(--h2_typography-letter-spacing);\"><span class=\" fusion-imageframe imageframe-none imageframe-8 hover-type-none\"><img decoding=\"async\" width=\"400\" height=\"300\" title=\"Accesit-Categoria-A-Viaje-chef-juanita-3\" src=\"https:\/\/www.juntadeandalucia.es\/institutodeestadisticaycartografia\/educaieca-contenidos\/wp-content\/uploads\/2026\/04\/Accesit-Categoria-A-Viaje-chef-juanita-3.jpg\" alt class=\"img-responsive wp-image-6347\" srcset=\"https:\/\/www.juntadeandalucia.es\/institutodeestadisticaycartografia\/educaieca-contenidos\/wp-content\/uploads\/2026\/04\/Accesit-Categoria-A-Viaje-chef-juanita-3-200x150.jpg 200w, https:\/\/www.juntadeandalucia.es\/institutodeestadisticaycartografia\/educaieca-contenidos\/wp-content\/uploads\/2026\/04\/Accesit-Categoria-A-Viaje-chef-juanita-3.jpg 400w\" sizes=\"(max-width: 1024px) 100vw, (max-width: 640px) 100vw, 400px\" \/><\/span><\/div><\/div><\/div><div class=\"fusion-layout-column fusion_builder_column_inner fusion-builder-nested-column-5 fusion_builder_column_inner_1_3 1_3 fusion-flex-column\" style=\"--awb-bg-size:cover;--awb-width-large:33.333333333333%;--awb-margin-top-large:0px;--awb-spacing-right-large:5.76%;--awb-margin-bottom-large:0px;--awb-spacing-left-large:5.76%;--awb-width-medium:100%;--awb-order-medium:0;--awb-spacing-right-medium:1.92%;--awb-spacing-left-medium:1.92%;--awb-width-small:100%;--awb-order-small:0;--awb-spacing-right-small:1.92%;--awb-spacing-left-small:1.92%;\"><div class=\"fusion-column-wrapper fusion-column-has-shadow fusion-flex-justify-content-flex-start fusion-content-layout-column\"><div class=\"fusion-image-element \" style=\"--awb-caption-title-size:var(--h2_typography-font-size);--awb-caption-title-transform:var(--h2_typography-text-transform);--awb-caption-title-line-height:var(--h2_typography-line-height);--awb-caption-title-letter-spacing:var(--h2_typography-letter-spacing);\"><span class=\" fusion-imageframe imageframe-none imageframe-9 hover-type-none\"><img decoding=\"async\" width=\"400\" height=\"300\" alt=\"Acc\u00e9sit: \u00abEl viaje de la chef Juanita por Andaluc\u00eda\u00bb, obra colectiva de alumnado de educaci\u00f3n infantil del Colegio de Educaci\u00f3n Infantil y Primaria Torrequebrada de Roquetas de Mar (Almer\u00eda)\" title=\"Accesit-Categoria-A-Viaje-chef-juanita-4\" src=\"https:\/\/www.juntadeandalucia.es\/institutodeestadisticaycartografia\/educaieca-contenidos\/wp-content\/uploads\/2026\/04\/Accesit-Categoria-A-Viaje-chef-juanita-4.jpg\" class=\"img-responsive wp-image-6348\" srcset=\"https:\/\/www.juntadeandalucia.es\/institutodeestadisticaycartografia\/educaieca-contenidos\/wp-content\/uploads\/2026\/04\/Accesit-Categoria-A-Viaje-chef-juanita-4-200x150.jpg 200w, https:\/\/www.juntadeandalucia.es\/institutodeestadisticaycartografia\/educaieca-contenidos\/wp-content\/uploads\/2026\/04\/Accesit-Categoria-A-Viaje-chef-juanita-4.jpg 400w\" sizes=\"(max-width: 1024px) 100vw, (max-width: 640px) 100vw, 400px\" \/><\/span><\/div><\/div><\/div><\/div><\/div><\/div><div class=\"fusion-layout-column fusion_builder_column fusion-builder-column-8 fusion_builder_column_1_1 1_1 fusion-flex-column\" style=\"--awb-bg-size:cover;--awb-width-large:100%;--awb-margin-top-large:0px;--awb-spacing-right-large:1.92%;--awb-margin-bottom-large:0px;--awb-spacing-left-large:1.92%;--awb-width-medium:100%;--awb-order-medium:0;--awb-spacing-right-medium:1.92%;--awb-spacing-left-medium:1.92%;--awb-width-small:100%;--awb-order-small:0;--awb-spacing-right-small:1.92%;--awb-spacing-left-small:1.92%;\"><div class=\"fusion-column-wrapper fusion-column-has-shadow fusion-flex-justify-content-flex-start fusion-content-layout-column\"><div class=\"fusion-separator fusion-full-width-sep\" style=\"align-self: center;margin-left: auto;margin-right: auto;margin-top:40px;width:100%;\"><\/div><div class=\"fusion-text fusion-text-7\"><p><strong>Categor\u00eda B. Segundo y Tercer Ciclo de Primaria<\/strong><\/p>\n<\/div><div class=\"fusion-separator fusion-full-width-sep\" style=\"align-self: center;margin-left: auto;margin-right: auto;margin-top:40px;width:100%;\"><\/div><\/div><\/div><div class=\"fusion-layout-column fusion_builder_column fusion-builder-column-9 fusion_builder_column_1_1 1_1 fusion-flex-column\" style=\"--awb-padding-top:30px;--awb-padding-right:30px;--awb-padding-bottom:30px;--awb-padding-left:30px;--awb-overflow:hidden;--awb-bg-color:#ffffff;--awb-bg-size:cover;--awb-box-shadow:0px 10px 21px 0px rgba(0,0,0,0.24);;--awb-border-color:#ffffff;--awb-border-top:4px;--awb-border-right:4px;--awb-border-bottom:4px;--awb-border-left:4px;--awb-border-style:solid;--awb-border-radius:8px 8px 8px 8px;--awb-width-large:100%;--awb-margin-top-large:0px;--awb-spacing-right-large:1.92%;--awb-margin-bottom-large:0px;--awb-spacing-left-large:1.92%;--awb-width-medium:100%;--awb-order-medium:0;--awb-spacing-right-medium:1.92%;--awb-spacing-left-medium:1.92%;--awb-width-small:100%;--awb-order-small:0;--awb-spacing-right-small:1.92%;--awb-spacing-left-small:1.92%;\"><div class=\"fusion-column-wrapper fusion-column-has-shadow fusion-flex-justify-content-flex-start fusion-content-layout-column\"><div class=\"fusion-text fusion-text-8\"><p><strong>Premio: \u00abAndalucraft: tierra de fortalezas\u00bb obra colectiva de alumnado de 5.\u00ba y 6.\u00b0 curso de primaria del Colegio de Educaci\u00f3n Infantil y Primaria General Fresneda de J\u00f3dar (Ja\u00e9n)<\/strong><\/p>\n<\/div><div class=\"fusion-image-element \" style=\"--awb-caption-title-size:var(--h2_typography-font-size);--awb-caption-title-transform:var(--h2_typography-text-transform);--awb-caption-title-line-height:var(--h2_typography-line-height);--awb-caption-title-letter-spacing:var(--h2_typography-letter-spacing);\"><span class=\" fusion-imageframe imageframe-none imageframe-10 hover-type-none\"><img decoding=\"async\" width=\"800\" height=\"600\" alt=\"&quot;Andalucraft: tierra de fortalezas&quot; obra colectiva de alumnado de 5.\u00ba y 6.\u00b0 curso de primaria del Colegio de Educaci\u00f3n Infantil y Primaria General Fresneda de J\u00f3dar (Ja\u00e9n)\" title=\"Premio-Categoria-B-Andalucraft-1\" src=\"https:\/\/www.juntadeandalucia.es\/institutodeestadisticaycartografia\/educaieca-contenidos\/wp-content\/uploads\/2026\/04\/Premio-Categoria-B-Andalucraft-1.jpg\" class=\"img-responsive wp-image-6352\" srcset=\"https:\/\/www.juntadeandalucia.es\/institutodeestadisticaycartografia\/educaieca-contenidos\/wp-content\/uploads\/2026\/04\/Premio-Categoria-B-Andalucraft-1-200x150.jpg 200w, https:\/\/www.juntadeandalucia.es\/institutodeestadisticaycartografia\/educaieca-contenidos\/wp-content\/uploads\/2026\/04\/Premio-Categoria-B-Andalucraft-1-400x300.jpg 400w, https:\/\/www.juntadeandalucia.es\/institutodeestadisticaycartografia\/educaieca-contenidos\/wp-content\/uploads\/2026\/04\/Premio-Categoria-B-Andalucraft-1-600x450.jpg 600w, https:\/\/www.juntadeandalucia.es\/institutodeestadisticaycartografia\/educaieca-contenidos\/wp-content\/uploads\/2026\/04\/Premio-Categoria-B-Andalucraft-1.jpg 800w\" sizes=\"(max-width: 1024px) 100vw, (max-width: 640px) 100vw, 800px\" \/><\/span><\/div><div class=\"fusion-separator fusion-full-width-sep\" style=\"align-self: center;margin-left: auto;margin-right: auto;margin-top:40px;width:100%;\"><\/div><div class=\"fusion-builder-row fusion-builder-row-inner fusion-row fusion-flex-align-items-flex-start\" style=\"width:104% !important;max-width:104% !important;margin-left: calc(-4% \/ 2 );margin-right: calc(-4% \/ 2 );\"><div class=\"fusion-layout-column fusion_builder_column_inner fusion-builder-nested-column-6 fusion_builder_column_inner_1_3 1_3 fusion-flex-column\" style=\"--awb-bg-size:cover;--awb-width-large:33.333333333333%;--awb-margin-top-large:0px;--awb-spacing-right-large:5.76%;--awb-margin-bottom-large:0px;--awb-spacing-left-large:5.76%;--awb-width-medium:100%;--awb-order-medium:0;--awb-spacing-right-medium:1.92%;--awb-spacing-left-medium:1.92%;--awb-width-small:100%;--awb-order-small:0;--awb-spacing-right-small:1.92%;--awb-spacing-left-small:1.92%;\"><div class=\"fusion-column-wrapper fusion-column-has-shadow fusion-flex-justify-content-flex-start fusion-content-layout-column\"><div class=\"fusion-image-element \" style=\"--awb-caption-title-size:var(--h2_typography-font-size);--awb-caption-title-transform:var(--h2_typography-text-transform);--awb-caption-title-line-height:var(--h2_typography-line-height);--awb-caption-title-letter-spacing:var(--h2_typography-letter-spacing);\"><span class=\" fusion-imageframe imageframe-none imageframe-11 hover-type-none\"><img decoding=\"async\" width=\"400\" height=\"300\" title=\"Premio-Categoria-B-Andalucraft-2\" src=\"https:\/\/www.juntadeandalucia.es\/institutodeestadisticaycartografia\/educaieca-contenidos\/wp-content\/uploads\/2026\/04\/Premio-Categoria-B-Andalucraft-2.jpg\" alt class=\"img-responsive wp-image-6353\" srcset=\"https:\/\/www.juntadeandalucia.es\/institutodeestadisticaycartografia\/educaieca-contenidos\/wp-content\/uploads\/2026\/04\/Premio-Categoria-B-Andalucraft-2-200x150.jpg 200w, https:\/\/www.juntadeandalucia.es\/institutodeestadisticaycartografia\/educaieca-contenidos\/wp-content\/uploads\/2026\/04\/Premio-Categoria-B-Andalucraft-2.jpg 400w\" sizes=\"(max-width: 1024px) 100vw, (max-width: 640px) 100vw, 400px\" \/><\/span><\/div><\/div><\/div><div class=\"fusion-layout-column fusion_builder_column_inner fusion-builder-nested-column-7 fusion_builder_column_inner_1_3 1_3 fusion-flex-column\" style=\"--awb-bg-size:cover;--awb-width-large:33.333333333333%;--awb-margin-top-large:0px;--awb-spacing-right-large:5.76%;--awb-margin-bottom-large:0px;--awb-spacing-left-large:5.76%;--awb-width-medium:100%;--awb-order-medium:0;--awb-spacing-right-medium:1.92%;--awb-spacing-left-medium:1.92%;--awb-width-small:100%;--awb-order-small:0;--awb-spacing-right-small:1.92%;--awb-spacing-left-small:1.92%;\"><div class=\"fusion-column-wrapper fusion-column-has-shadow fusion-flex-justify-content-flex-start fusion-content-layout-column\"><div class=\"fusion-image-element \" style=\"--awb-caption-title-size:var(--h2_typography-font-size);--awb-caption-title-transform:var(--h2_typography-text-transform);--awb-caption-title-line-height:var(--h2_typography-line-height);--awb-caption-title-letter-spacing:var(--h2_typography-letter-spacing);\"><span class=\" fusion-imageframe imageframe-none imageframe-12 hover-type-none\"><img decoding=\"async\" width=\"400\" height=\"300\" title=\"Premio-Categoria-B-Andalucraft-3\" src=\"https:\/\/www.juntadeandalucia.es\/institutodeestadisticaycartografia\/educaieca-contenidos\/wp-content\/uploads\/2026\/04\/Premio-Categoria-B-Andalucraft-3.jpg\" alt class=\"img-responsive wp-image-6354\" srcset=\"https:\/\/www.juntadeandalucia.es\/institutodeestadisticaycartografia\/educaieca-contenidos\/wp-content\/uploads\/2026\/04\/Premio-Categoria-B-Andalucraft-3-200x150.jpg 200w, https:\/\/www.juntadeandalucia.es\/institutodeestadisticaycartografia\/educaieca-contenidos\/wp-content\/uploads\/2026\/04\/Premio-Categoria-B-Andalucraft-3.jpg 400w\" sizes=\"(max-width: 1024px) 100vw, (max-width: 640px) 100vw, 400px\" \/><\/span><\/div><\/div><\/div><div class=\"fusion-layout-column fusion_builder_column_inner fusion-builder-nested-column-8 fusion_builder_column_inner_1_3 1_3 fusion-flex-column\" style=\"--awb-bg-size:cover;--awb-width-large:33.333333333333%;--awb-margin-top-large:0px;--awb-spacing-right-large:5.76%;--awb-margin-bottom-large:0px;--awb-spacing-left-large:5.76%;--awb-width-medium:100%;--awb-order-medium:0;--awb-spacing-right-medium:1.92%;--awb-spacing-left-medium:1.92%;--awb-width-small:100%;--awb-order-small:0;--awb-spacing-right-small:1.92%;--awb-spacing-left-small:1.92%;\"><div class=\"fusion-column-wrapper fusion-column-has-shadow fusion-flex-justify-content-flex-start fusion-content-layout-column\"><div class=\"fusion-image-element \" style=\"--awb-caption-title-size:var(--h2_typography-font-size);--awb-caption-title-transform:var(--h2_typography-text-transform);--awb-caption-title-line-height:var(--h2_typography-line-height);--awb-caption-title-letter-spacing:var(--h2_typography-letter-spacing);\"><span class=\" fusion-imageframe imageframe-none imageframe-13 hover-type-none\"><img decoding=\"async\" width=\"400\" height=\"300\" title=\"Premio-Categoria-B-Andalucraft-4\" src=\"https:\/\/www.juntadeandalucia.es\/institutodeestadisticaycartografia\/educaieca-contenidos\/wp-content\/uploads\/2026\/04\/Premio-Categoria-B-Andalucraft-4.jpg\" alt class=\"img-responsive wp-image-6355\" srcset=\"https:\/\/www.juntadeandalucia.es\/institutodeestadisticaycartografia\/educaieca-contenidos\/wp-content\/uploads\/2026\/04\/Premio-Categoria-B-Andalucraft-4-200x150.jpg 200w, https:\/\/www.juntadeandalucia.es\/institutodeestadisticaycartografia\/educaieca-contenidos\/wp-content\/uploads\/2026\/04\/Premio-Categoria-B-Andalucraft-4.jpg 400w\" sizes=\"(max-width: 1024px) 100vw, (max-width: 640px) 100vw, 400px\" \/><\/span><\/div><\/div><\/div><\/div><\/div><\/div><div class=\"fusion-layout-column fusion_builder_column fusion-builder-column-10 fusion_builder_column_1_1 1_1 fusion-flex-column\" style=\"--awb-bg-size:cover;--awb-width-large:100%;--awb-margin-top-large:0px;--awb-spacing-right-large:1.92%;--awb-margin-bottom-large:0px;--awb-spacing-left-large:1.92%;--awb-width-medium:100%;--awb-order-medium:0;--awb-spacing-right-medium:1.92%;--awb-spacing-left-medium:1.92%;--awb-width-small:100%;--awb-order-small:0;--awb-spacing-right-small:1.92%;--awb-spacing-left-small:1.92%;\"><div class=\"fusion-column-wrapper fusion-column-has-shadow fusion-flex-justify-content-flex-start fusion-content-layout-column\"><div class=\"fusion-separator fusion-full-width-sep\" style=\"align-self: center;margin-left: auto;margin-right: auto;margin-top:40px;width:100%;\"><\/div><\/div><\/div><div class=\"fusion-layout-column fusion_builder_column fusion-builder-column-11 fusion_builder_column_1_1 1_1 fusion-flex-column\" style=\"--awb-padding-top:30px;--awb-padding-right:30px;--awb-padding-bottom:30px;--awb-padding-left:30px;--awb-overflow:hidden;--awb-bg-color:#ffffff;--awb-bg-size:cover;--awb-box-shadow:0px 10px 21px 0px rgba(0,0,0,0.24);;--awb-border-color:#ffffff;--awb-border-top:4px;--awb-border-right:4px;--awb-border-bottom:4px;--awb-border-left:4px;--awb-border-style:solid;--awb-border-radius:8px 8px 8px 8px;--awb-width-large:100%;--awb-margin-top-large:0px;--awb-spacing-right-large:1.92%;--awb-margin-bottom-large:0px;--awb-spacing-left-large:1.92%;--awb-width-medium:100%;--awb-order-medium:0;--awb-spacing-right-medium:1.92%;--awb-spacing-left-medium:1.92%;--awb-width-small:100%;--awb-order-small:0;--awb-spacing-right-small:1.92%;--awb-spacing-left-small:1.92%;\"><div class=\"fusion-column-wrapper fusion-column-has-shadow fusion-flex-justify-content-flex-start fusion-content-layout-column\"><div class=\"fusion-text fusion-text-9\"><p><strong>Acc\u00e9sit: \u00abLas monta\u00f1as de Andaluc\u00eda\u00bb, obra colectiva de alumnado de 5.\u00ba y 6.\u00ba curso de primaria del Colegio P\u00fablico Rural El Olivo de Alcal\u00e1 la Real (Ja\u00e9n)<\/strong><\/p>\n<\/div><div class=\"fusion-image-element \" style=\"--awb-caption-title-size:var(--h2_typography-font-size);--awb-caption-title-transform:var(--h2_typography-text-transform);--awb-caption-title-line-height:var(--h2_typography-line-height);--awb-caption-title-letter-spacing:var(--h2_typography-letter-spacing);\"><span class=\" fusion-imageframe imageframe-none imageframe-14 hover-type-none\"><img decoding=\"async\" width=\"800\" height=\"600\" alt=\"Acc\u00e9sit: \u00abLas monta\u00f1as de Andaluc\u00eda\u00bb, obra colectiva de alumnado de 5.\u00ba y 6.\u00ba curso de primaria del Colegio P\u00fablico Rural \u00abEl Olivo\u00bb de Alcal\u00e1 la Real (Ja\u00e9n)\" title=\"Accesit-Categoria-B-Montanas-1\" src=\"https:\/\/www.juntadeandalucia.es\/institutodeestadisticaycartografia\/educaieca-contenidos\/wp-content\/uploads\/2026\/04\/Accesit-Categoria-B-Montanas-1.jpg\" class=\"img-responsive wp-image-6356\" srcset=\"https:\/\/www.juntadeandalucia.es\/institutodeestadisticaycartografia\/educaieca-contenidos\/wp-content\/uploads\/2026\/04\/Accesit-Categoria-B-Montanas-1-200x150.jpg 200w, https:\/\/www.juntadeandalucia.es\/institutodeestadisticaycartografia\/educaieca-contenidos\/wp-content\/uploads\/2026\/04\/Accesit-Categoria-B-Montanas-1-400x300.jpg 400w, https:\/\/www.juntadeandalucia.es\/institutodeestadisticaycartografia\/educaieca-contenidos\/wp-content\/uploads\/2026\/04\/Accesit-Categoria-B-Montanas-1-600x450.jpg 600w, https:\/\/www.juntadeandalucia.es\/institutodeestadisticaycartografia\/educaieca-contenidos\/wp-content\/uploads\/2026\/04\/Accesit-Categoria-B-Montanas-1.jpg 800w\" sizes=\"(max-width: 1024px) 100vw, (max-width: 640px) 100vw, 800px\" \/><\/span><\/div><div class=\"fusion-separator fusion-full-width-sep\" style=\"align-self: center;margin-left: auto;margin-right: auto;margin-top:40px;width:100%;\"><\/div><div class=\"fusion-builder-row fusion-builder-row-inner fusion-row fusion-flex-align-items-flex-start\" style=\"width:104% !important;max-width:104% !important;margin-left: calc(-4% \/ 2 );margin-right: calc(-4% \/ 2 );\"><div class=\"fusion-layout-column fusion_builder_column_inner fusion-builder-nested-column-9 fusion_builder_column_inner_1_3 1_3 fusion-flex-column\" style=\"--awb-bg-size:cover;--awb-width-large:33.333333333333%;--awb-margin-top-large:0px;--awb-spacing-right-large:5.76%;--awb-margin-bottom-large:0px;--awb-spacing-left-large:5.76%;--awb-width-medium:100%;--awb-order-medium:0;--awb-spacing-right-medium:1.92%;--awb-spacing-left-medium:1.92%;--awb-width-small:100%;--awb-order-small:0;--awb-spacing-right-small:1.92%;--awb-spacing-left-small:1.92%;\"><div class=\"fusion-column-wrapper fusion-column-has-shadow fusion-flex-justify-content-flex-start fusion-content-layout-column\"><div class=\"fusion-image-element \" style=\"--awb-caption-title-size:var(--h2_typography-font-size);--awb-caption-title-transform:var(--h2_typography-text-transform);--awb-caption-title-line-height:var(--h2_typography-line-height);--awb-caption-title-letter-spacing:var(--h2_typography-letter-spacing);\"><span class=\" fusion-imageframe imageframe-none imageframe-15 hover-type-none\"><img decoding=\"async\" width=\"400\" height=\"300\" title=\"Accesit-Categoria-B-Montanas-2\" src=\"https:\/\/www.juntadeandalucia.es\/institutodeestadisticaycartografia\/educaieca-contenidos\/wp-content\/uploads\/2026\/04\/Accesit-Categoria-B-Montanas-2.jpg\" alt class=\"img-responsive wp-image-6357\" srcset=\"https:\/\/www.juntadeandalucia.es\/institutodeestadisticaycartografia\/educaieca-contenidos\/wp-content\/uploads\/2026\/04\/Accesit-Categoria-B-Montanas-2-200x150.jpg 200w, https:\/\/www.juntadeandalucia.es\/institutodeestadisticaycartografia\/educaieca-contenidos\/wp-content\/uploads\/2026\/04\/Accesit-Categoria-B-Montanas-2.jpg 400w\" sizes=\"(max-width: 1024px) 100vw, (max-width: 640px) 100vw, 400px\" \/><\/span><\/div><\/div><\/div><div class=\"fusion-layout-column fusion_builder_column_inner fusion-builder-nested-column-10 fusion_builder_column_inner_1_3 1_3 fusion-flex-column\" style=\"--awb-bg-size:cover;--awb-width-large:33.333333333333%;--awb-margin-top-large:0px;--awb-spacing-right-large:5.76%;--awb-margin-bottom-large:0px;--awb-spacing-left-large:5.76%;--awb-width-medium:100%;--awb-order-medium:0;--awb-spacing-right-medium:1.92%;--awb-spacing-left-medium:1.92%;--awb-width-small:100%;--awb-order-small:0;--awb-spacing-right-small:1.92%;--awb-spacing-left-small:1.92%;\"><div class=\"fusion-column-wrapper fusion-column-has-shadow fusion-flex-justify-content-flex-start fusion-content-layout-column\"><div class=\"fusion-image-element \" style=\"--awb-caption-title-size:var(--h2_typography-font-size);--awb-caption-title-transform:var(--h2_typography-text-transform);--awb-caption-title-line-height:var(--h2_typography-line-height);--awb-caption-title-letter-spacing:var(--h2_typography-letter-spacing);\"><span class=\" fusion-imageframe imageframe-none imageframe-16 hover-type-none\"><img decoding=\"async\" width=\"400\" height=\"300\" alt=\"Acc\u00e9sit: \u00abLas monta\u00f1as de Andaluc\u00eda\u00bb, obra colectiva de alumnado de 5.\u00ba y 6.\u00ba curso de primaria del Colegio P\u00fablico Rural \u00abEl Olivo\u00bb de Alcal\u00e1 la Real (Ja\u00e9n)\" title=\"Accesit-Categoria-B-Montanas-3\" src=\"https:\/\/www.juntadeandalucia.es\/institutodeestadisticaycartografia\/educaieca-contenidos\/wp-content\/uploads\/2026\/04\/Accesit-Categoria-B-Montanas-3.jpg\" class=\"img-responsive wp-image-6358\" srcset=\"https:\/\/www.juntadeandalucia.es\/institutodeestadisticaycartografia\/educaieca-contenidos\/wp-content\/uploads\/2026\/04\/Accesit-Categoria-B-Montanas-3-200x150.jpg 200w, https:\/\/www.juntadeandalucia.es\/institutodeestadisticaycartografia\/educaieca-contenidos\/wp-content\/uploads\/2026\/04\/Accesit-Categoria-B-Montanas-3.jpg 400w\" sizes=\"(max-width: 1024px) 100vw, (max-width: 640px) 100vw, 400px\" \/><\/span><\/div><\/div><\/div><div class=\"fusion-layout-column fusion_builder_column_inner fusion-builder-nested-column-11 fusion_builder_column_inner_1_3 1_3 fusion-flex-column\" style=\"--awb-bg-size:cover;--awb-width-large:33.333333333333%;--awb-margin-top-large:0px;--awb-spacing-right-large:5.76%;--awb-margin-bottom-large:0px;--awb-spacing-left-large:5.76%;--awb-width-medium:100%;--awb-order-medium:0;--awb-spacing-right-medium:1.92%;--awb-spacing-left-medium:1.92%;--awb-width-small:100%;--awb-order-small:0;--awb-spacing-right-small:1.92%;--awb-spacing-left-small:1.92%;\"><div class=\"fusion-column-wrapper fusion-column-has-shadow fusion-flex-justify-content-flex-start fusion-content-layout-column\"><div class=\"fusion-image-element \" style=\"--awb-caption-title-size:var(--h2_typography-font-size);--awb-caption-title-transform:var(--h2_typography-text-transform);--awb-caption-title-line-height:var(--h2_typography-line-height);--awb-caption-title-letter-spacing:var(--h2_typography-letter-spacing);\"><span class=\" fusion-imageframe imageframe-none imageframe-17 hover-type-none\"><img decoding=\"async\" width=\"400\" height=\"300\" alt=\"Acc\u00e9sit: \u00abLas monta\u00f1as de Andaluc\u00eda\u00bb, obra colectiva de alumnado de 5.\u00ba y 6.\u00ba curso de primaria del Colegio P\u00fablico Rural \u00abEl Olivo\u00bb de Alcal\u00e1 la Real (Ja\u00e9n)\" title=\"Accesit-Categoria-B-Montanas-4\" src=\"https:\/\/www.juntadeandalucia.es\/institutodeestadisticaycartografia\/educaieca-contenidos\/wp-content\/uploads\/2026\/04\/Accesit-Categoria-B-Montanas-4.jpg\" class=\"img-responsive wp-image-6359\" srcset=\"https:\/\/www.juntadeandalucia.es\/institutodeestadisticaycartografia\/educaieca-contenidos\/wp-content\/uploads\/2026\/04\/Accesit-Categoria-B-Montanas-4-200x150.jpg 200w, https:\/\/www.juntadeandalucia.es\/institutodeestadisticaycartografia\/educaieca-contenidos\/wp-content\/uploads\/2026\/04\/Accesit-Categoria-B-Montanas-4.jpg 400w\" sizes=\"(max-width: 1024px) 100vw, (max-width: 640px) 100vw, 400px\" \/><\/span><\/div><\/div><\/div><\/div><\/div><\/div><div class=\"fusion-layout-column fusion_builder_column fusion-builder-column-12 fusion_builder_column_1_1 1_1 fusion-flex-column\" style=\"--awb-bg-size:cover;--awb-width-large:100%;--awb-margin-top-large:0px;--awb-spacing-right-large:1.92%;--awb-margin-bottom-large:0px;--awb-spacing-left-large:1.92%;--awb-width-medium:100%;--awb-order-medium:0;--awb-spacing-right-medium:1.92%;--awb-spacing-left-medium:1.92%;--awb-width-small:100%;--awb-order-small:0;--awb-spacing-right-small:1.92%;--awb-spacing-left-small:1.92%;\"><div class=\"fusion-column-wrapper fusion-column-has-shadow fusion-flex-justify-content-flex-start fusion-content-layout-column\"><div class=\"fusion-separator fusion-full-width-sep\" style=\"align-self: center;margin-left: auto;margin-right: auto;margin-top:40px;width:100%;\"><\/div><div class=\"fusion-text fusion-text-10\"><p><strong>Categor\u00eda C. Educaci\u00f3n Secundaria Obligatoria, Educaci\u00f3n Secundaria Postobligatoria y Ense\u00f1anzas de R\u00e9gimen Especial<\/strong><\/p>\n<\/div><div class=\"fusion-separator fusion-full-width-sep\" style=\"align-self: center;margin-left: auto;margin-right: auto;margin-top:40px;width:100%;\"><\/div><\/div><\/div><div class=\"fusion-layout-column fusion_builder_column fusion-builder-column-13 fusion_builder_column_1_1 1_1 fusion-flex-column\" style=\"--awb-padding-top:30px;--awb-padding-right:30px;--awb-padding-bottom:30px;--awb-padding-left:30px;--awb-overflow:hidden;--awb-bg-color:#ffffff;--awb-bg-size:cover;--awb-box-shadow:0px 10px 21px 0px rgba(0,0,0,0.24);;--awb-border-color:#ffffff;--awb-border-top:4px;--awb-border-right:4px;--awb-border-bottom:4px;--awb-border-left:4px;--awb-border-style:solid;--awb-border-radius:8px 8px 8px 8px;--awb-width-large:100%;--awb-margin-top-large:0px;--awb-spacing-right-large:1.92%;--awb-margin-bottom-large:0px;--awb-spacing-left-large:1.92%;--awb-width-medium:100%;--awb-order-medium:0;--awb-spacing-right-medium:1.92%;--awb-spacing-left-medium:1.92%;--awb-width-small:100%;--awb-order-small:0;--awb-spacing-right-small:1.92%;--awb-spacing-left-small:1.92%;\"><div class=\"fusion-column-wrapper fusion-column-has-shadow fusion-flex-justify-content-flex-start fusion-content-layout-column\"><div class=\"fusion-text fusion-text-11\"><p><strong>Premio: \u00ab\u00c9cija, la sart\u00e9n de Andaluc\u00eda\u00bb, obra colectiva realizada por alumnado de 4.\u00ba de Ense\u00f1anza Secundaria Obligatoria del Colegio diocesano Santa Mar\u00eda Nuestra Se\u00f1ora de \u00c9cija (Sevilla)<\/strong><\/p>\n<\/div><div class=\"fusion-image-element \" style=\"--awb-caption-title-size:var(--h2_typography-font-size);--awb-caption-title-transform:var(--h2_typography-text-transform);--awb-caption-title-line-height:var(--h2_typography-line-height);--awb-caption-title-letter-spacing:var(--h2_typography-letter-spacing);\"><span class=\" fusion-imageframe imageframe-none imageframe-18 hover-type-none\"><img decoding=\"async\" width=\"800\" height=\"600\" alt=\"Premio: \u00ab\u00c9cija, la sart\u00e9n de Andaluc\u00eda\u00bb, obra colectiva realizada por alumnado de 4.\u00ba de Ense\u00f1anza Secundaria Obligatoria del Colegio diocesano \u00abSanta Mar\u00eda Nuestra Se\u00f1ora\u00bb de \u00c9cija (Sevilla)\" title=\"Premio-Categoria-C-Ecija-1\" src=\"https:\/\/www.juntadeandalucia.es\/institutodeestadisticaycartografia\/educaieca-contenidos\/wp-content\/uploads\/2026\/04\/Premio-Categoria-C-Ecija-1.jpg\" class=\"img-responsive wp-image-6361\" srcset=\"https:\/\/www.juntadeandalucia.es\/institutodeestadisticaycartografia\/educaieca-contenidos\/wp-content\/uploads\/2026\/04\/Premio-Categoria-C-Ecija-1-200x150.jpg 200w, https:\/\/www.juntadeandalucia.es\/institutodeestadisticaycartografia\/educaieca-contenidos\/wp-content\/uploads\/2026\/04\/Premio-Categoria-C-Ecija-1-400x300.jpg 400w, https:\/\/www.juntadeandalucia.es\/institutodeestadisticaycartografia\/educaieca-contenidos\/wp-content\/uploads\/2026\/04\/Premio-Categoria-C-Ecija-1-600x450.jpg 600w, https:\/\/www.juntadeandalucia.es\/institutodeestadisticaycartografia\/educaieca-contenidos\/wp-content\/uploads\/2026\/04\/Premio-Categoria-C-Ecija-1.jpg 800w\" sizes=\"(max-width: 1024px) 100vw, (max-width: 640px) 100vw, 800px\" \/><\/span><\/div><div class=\"fusion-separator fusion-full-width-sep\" style=\"align-self: center;margin-left: auto;margin-right: auto;margin-top:40px;width:100%;\"><\/div><div class=\"fusion-builder-row fusion-builder-row-inner fusion-row fusion-flex-align-items-flex-start\" style=\"width:104% !important;max-width:104% !important;margin-left: calc(-4% \/ 2 );margin-right: calc(-4% \/ 2 );\"><div class=\"fusion-layout-column fusion_builder_column_inner fusion-builder-nested-column-12 fusion_builder_column_inner_1_3 1_3 fusion-flex-column\" style=\"--awb-bg-size:cover;--awb-width-large:33.333333333333%;--awb-margin-top-large:0px;--awb-spacing-right-large:5.76%;--awb-margin-bottom-large:0px;--awb-spacing-left-large:5.76%;--awb-width-medium:100%;--awb-order-medium:0;--awb-spacing-right-medium:1.92%;--awb-spacing-left-medium:1.92%;--awb-width-small:100%;--awb-order-small:0;--awb-spacing-right-small:1.92%;--awb-spacing-left-small:1.92%;\"><div class=\"fusion-column-wrapper fusion-column-has-shadow fusion-flex-justify-content-flex-start fusion-content-layout-column\"><div class=\"fusion-image-element \" style=\"--awb-caption-title-size:var(--h2_typography-font-size);--awb-caption-title-transform:var(--h2_typography-text-transform);--awb-caption-title-line-height:var(--h2_typography-line-height);--awb-caption-title-letter-spacing:var(--h2_typography-letter-spacing);\"><span class=\" fusion-imageframe imageframe-none imageframe-19 hover-type-none\"><img decoding=\"async\" width=\"400\" height=\"300\" alt=\"Premio: \u00ab\u00c9cija, la sart\u00e9n de Andaluc\u00eda\u00bb, obra colectiva realizada por alumnado de 4.\u00ba de Ense\u00f1anza Secundaria Obligatoria del Colegio diocesano \u00abSanta Mar\u00eda Nuestra Se\u00f1ora\u00bb de \u00c9cija (Sevilla)\" title=\"Premio-Categoria-C-Ecija-2\" src=\"https:\/\/www.juntadeandalucia.es\/institutodeestadisticaycartografia\/educaieca-contenidos\/wp-content\/uploads\/2026\/04\/Premio-Categoria-C-Ecija-2.jpg\" class=\"img-responsive wp-image-6362\" srcset=\"https:\/\/www.juntadeandalucia.es\/institutodeestadisticaycartografia\/educaieca-contenidos\/wp-content\/uploads\/2026\/04\/Premio-Categoria-C-Ecija-2-200x150.jpg 200w, https:\/\/www.juntadeandalucia.es\/institutodeestadisticaycartografia\/educaieca-contenidos\/wp-content\/uploads\/2026\/04\/Premio-Categoria-C-Ecija-2.jpg 400w\" sizes=\"(max-width: 1024px) 100vw, (max-width: 640px) 100vw, 400px\" \/><\/span><\/div><\/div><\/div><div class=\"fusion-layout-column fusion_builder_column_inner fusion-builder-nested-column-13 fusion_builder_column_inner_1_3 1_3 fusion-flex-column\" style=\"--awb-bg-size:cover;--awb-width-large:33.333333333333%;--awb-margin-top-large:0px;--awb-spacing-right-large:5.76%;--awb-margin-bottom-large:0px;--awb-spacing-left-large:5.76%;--awb-width-medium:100%;--awb-order-medium:0;--awb-spacing-right-medium:1.92%;--awb-spacing-left-medium:1.92%;--awb-width-small:100%;--awb-order-small:0;--awb-spacing-right-small:1.92%;--awb-spacing-left-small:1.92%;\"><div class=\"fusion-column-wrapper fusion-column-has-shadow fusion-flex-justify-content-flex-start fusion-content-layout-column\"><div class=\"fusion-image-element \" style=\"--awb-caption-title-size:var(--h2_typography-font-size);--awb-caption-title-transform:var(--h2_typography-text-transform);--awb-caption-title-line-height:var(--h2_typography-line-height);--awb-caption-title-letter-spacing:var(--h2_typography-letter-spacing);\"><span class=\" fusion-imageframe imageframe-none imageframe-20 hover-type-none\"><img decoding=\"async\" width=\"400\" height=\"300\" title=\"Premio-Categoria-C-Ecija-3\" src=\"https:\/\/www.juntadeandalucia.es\/institutodeestadisticaycartografia\/educaieca-contenidos\/wp-content\/uploads\/2026\/04\/Premio-Categoria-C-Ecija-3.jpg\" alt class=\"img-responsive wp-image-6363\" srcset=\"https:\/\/www.juntadeandalucia.es\/institutodeestadisticaycartografia\/educaieca-contenidos\/wp-content\/uploads\/2026\/04\/Premio-Categoria-C-Ecija-3-200x150.jpg 200w, https:\/\/www.juntadeandalucia.es\/institutodeestadisticaycartografia\/educaieca-contenidos\/wp-content\/uploads\/2026\/04\/Premio-Categoria-C-Ecija-3.jpg 400w\" sizes=\"(max-width: 1024px) 100vw, (max-width: 640px) 100vw, 400px\" \/><\/span><\/div><\/div><\/div><div class=\"fusion-layout-column fusion_builder_column_inner fusion-builder-nested-column-14 fusion_builder_column_inner_1_3 1_3 fusion-flex-column\" style=\"--awb-bg-size:cover;--awb-width-large:33.333333333333%;--awb-margin-top-large:0px;--awb-spacing-right-large:5.76%;--awb-margin-bottom-large:0px;--awb-spacing-left-large:5.76%;--awb-width-medium:100%;--awb-order-medium:0;--awb-spacing-right-medium:1.92%;--awb-spacing-left-medium:1.92%;--awb-width-small:100%;--awb-order-small:0;--awb-spacing-right-small:1.92%;--awb-spacing-left-small:1.92%;\"><div class=\"fusion-column-wrapper fusion-column-has-shadow fusion-flex-justify-content-flex-start fusion-content-layout-column\"><div class=\"fusion-image-element \" style=\"--awb-caption-title-size:var(--h2_typography-font-size);--awb-caption-title-transform:var(--h2_typography-text-transform);--awb-caption-title-line-height:var(--h2_typography-line-height);--awb-caption-title-letter-spacing:var(--h2_typography-letter-spacing);\"><span class=\" fusion-imageframe imageframe-none imageframe-21 hover-type-none\"><img decoding=\"async\" width=\"400\" height=\"300\" title=\"Premio-Categoria-C-Ecija-4\" src=\"https:\/\/www.juntadeandalucia.es\/institutodeestadisticaycartografia\/educaieca-contenidos\/wp-content\/uploads\/2026\/04\/Premio-Categoria-C-Ecija-4.jpg\" alt class=\"img-responsive wp-image-6364\" srcset=\"https:\/\/www.juntadeandalucia.es\/institutodeestadisticaycartografia\/educaieca-contenidos\/wp-content\/uploads\/2026\/04\/Premio-Categoria-C-Ecija-4-200x150.jpg 200w, https:\/\/www.juntadeandalucia.es\/institutodeestadisticaycartografia\/educaieca-contenidos\/wp-content\/uploads\/2026\/04\/Premio-Categoria-C-Ecija-4.jpg 400w\" sizes=\"(max-width: 1024px) 100vw, (max-width: 640px) 100vw, 400px\" \/><\/span><\/div><\/div><\/div><\/div><\/div><\/div><div class=\"fusion-layout-column fusion_builder_column fusion-builder-column-14 fusion_builder_column_1_1 1_1 fusion-flex-column\" style=\"--awb-bg-size:cover;--awb-width-large:100%;--awb-margin-top-large:0px;--awb-spacing-right-large:1.92%;--awb-margin-bottom-large:0px;--awb-spacing-left-large:1.92%;--awb-width-medium:100%;--awb-order-medium:0;--awb-spacing-right-medium:1.92%;--awb-spacing-left-medium:1.92%;--awb-width-small:100%;--awb-order-small:0;--awb-spacing-right-small:1.92%;--awb-spacing-left-small:1.92%;\"><div class=\"fusion-column-wrapper fusion-column-has-shadow fusion-flex-justify-content-flex-start fusion-content-layout-column\"><div class=\"fusion-separator fusion-full-width-sep\" style=\"align-self: center;margin-left: auto;margin-right: auto;margin-top:40px;width:100%;\"><\/div><\/div><\/div><div class=\"fusion-layout-column fusion_builder_column fusion-builder-column-15 fusion_builder_column_1_1 1_1 fusion-flex-column\" style=\"--awb-padding-top:30px;--awb-padding-right:30px;--awb-padding-bottom:30px;--awb-padding-left:30px;--awb-overflow:hidden;--awb-bg-color:#ffffff;--awb-bg-size:cover;--awb-box-shadow:0px 10px 21px 0px rgba(0,0,0,0.24);;--awb-border-color:#ffffff;--awb-border-top:4px;--awb-border-right:4px;--awb-border-bottom:4px;--awb-border-left:4px;--awb-border-style:solid;--awb-border-radius:8px 8px 8px 8px;--awb-width-large:100%;--awb-margin-top-large:0px;--awb-spacing-right-large:1.92%;--awb-margin-bottom-large:0px;--awb-spacing-left-large:1.92%;--awb-width-medium:100%;--awb-order-medium:0;--awb-spacing-right-medium:1.92%;--awb-spacing-left-medium:1.92%;--awb-width-small:100%;--awb-order-small:0;--awb-spacing-right-small:1.92%;--awb-spacing-left-small:1.92%;\"><div class=\"fusion-column-wrapper fusion-column-has-shadow fusion-flex-justify-content-flex-start fusion-content-layout-column\"><div class=\"fusion-text fusion-text-12\"><p><strong>Acc\u00e9sit: \u00abGrazalema en acci\u00f3n\u00bb, obra colectiva realizada por alumnado de 3.\u00ba curso de Educaci\u00f3n Secundaria Obligatoria del Instituto de Ense\u00f1anza Secundaria Santo Domingo de El Puerto de Santa Mar\u00eda (C\u00e1diz)<\/strong><\/p>\n<\/div><div class=\"fusion-image-element \" style=\"--awb-caption-title-size:var(--h2_typography-font-size);--awb-caption-title-transform:var(--h2_typography-text-transform);--awb-caption-title-line-height:var(--h2_typography-line-height);--awb-caption-title-letter-spacing:var(--h2_typography-letter-spacing);\"><span class=\" fusion-imageframe imageframe-none imageframe-22 hover-type-none\"><img decoding=\"async\" width=\"800\" height=\"600\" alt=\"Acc\u00e9sit: \u00abGrazalema en acci\u00f3n\u00bb, obra colectiva realizada por alumnado de 3.\u00ba curso de Educaci\u00f3n Secundaria Obligatoria del Instituto de Ense\u00f1anza Secundaria \u00abSanto Domingo\u00bb de El Puerto de Santa Mar\u00eda (C\u00e1diz)\" title=\"Accesit-Categoria-C-Grazalema-1\" src=\"https:\/\/www.juntadeandalucia.es\/institutodeestadisticaycartografia\/educaieca-contenidos\/wp-content\/uploads\/2026\/04\/Accesit-Categoria-C-Grazalema-1.jpg\" class=\"img-responsive wp-image-6365\" srcset=\"https:\/\/www.juntadeandalucia.es\/institutodeestadisticaycartografia\/educaieca-contenidos\/wp-content\/uploads\/2026\/04\/Accesit-Categoria-C-Grazalema-1-200x150.jpg 200w, https:\/\/www.juntadeandalucia.es\/institutodeestadisticaycartografia\/educaieca-contenidos\/wp-content\/uploads\/2026\/04\/Accesit-Categoria-C-Grazalema-1-400x300.jpg 400w, https:\/\/www.juntadeandalucia.es\/institutodeestadisticaycartografia\/educaieca-contenidos\/wp-content\/uploads\/2026\/04\/Accesit-Categoria-C-Grazalema-1-600x450.jpg 600w, https:\/\/www.juntadeandalucia.es\/institutodeestadisticaycartografia\/educaieca-contenidos\/wp-content\/uploads\/2026\/04\/Accesit-Categoria-C-Grazalema-1.jpg 800w\" sizes=\"(max-width: 1024px) 100vw, (max-width: 640px) 100vw, 800px\" \/><\/span><\/div><div class=\"fusion-separator fusion-full-width-sep\" style=\"align-self: center;margin-left: auto;margin-right: auto;margin-top:40px;width:100%;\"><\/div><div class=\"fusion-builder-row fusion-builder-row-inner fusion-row fusion-flex-align-items-flex-start\" style=\"width:104% !important;max-width:104% !important;margin-left: calc(-4% \/ 2 );margin-right: calc(-4% \/ 2 );\"><div class=\"fusion-layout-column fusion_builder_column_inner fusion-builder-nested-column-15 fusion_builder_column_inner_1_3 1_3 fusion-flex-column\" style=\"--awb-bg-size:cover;--awb-width-large:33.333333333333%;--awb-margin-top-large:0px;--awb-spacing-right-large:5.76%;--awb-margin-bottom-large:0px;--awb-spacing-left-large:5.76%;--awb-width-medium:100%;--awb-order-medium:0;--awb-spacing-right-medium:1.92%;--awb-spacing-left-medium:1.92%;--awb-width-small:100%;--awb-order-small:0;--awb-spacing-right-small:1.92%;--awb-spacing-left-small:1.92%;\"><div class=\"fusion-column-wrapper fusion-column-has-shadow fusion-flex-justify-content-flex-start fusion-content-layout-column\"><div class=\"fusion-image-element \" style=\"--awb-caption-title-size:var(--h2_typography-font-size);--awb-caption-title-transform:var(--h2_typography-text-transform);--awb-caption-title-line-height:var(--h2_typography-line-height);--awb-caption-title-letter-spacing:var(--h2_typography-letter-spacing);\"><span class=\" fusion-imageframe imageframe-none imageframe-23 hover-type-none\"><img decoding=\"async\" width=\"400\" height=\"300\" alt=\"Acc\u00e9sit: \u00abGrazalema en acci\u00f3n\u00bb, obra colectiva realizada por alumnado de 3.\u00ba curso de Educaci\u00f3n Secundaria Obligatoria del Instituto de Ense\u00f1anza Secundaria \u00abSanto Domingo\u00bb de El Puerto de Santa Mar\u00eda (C\u00e1diz)\" title=\"Accesit-Categoria-C-Grazalema-2\" src=\"https:\/\/www.juntadeandalucia.es\/institutodeestadisticaycartografia\/educaieca-contenidos\/wp-content\/uploads\/2026\/04\/Accesit-Categoria-C-Grazalema-2.jpg\" class=\"img-responsive wp-image-6366\" srcset=\"https:\/\/www.juntadeandalucia.es\/institutodeestadisticaycartografia\/educaieca-contenidos\/wp-content\/uploads\/2026\/04\/Accesit-Categoria-C-Grazalema-2-200x150.jpg 200w, https:\/\/www.juntadeandalucia.es\/institutodeestadisticaycartografia\/educaieca-contenidos\/wp-content\/uploads\/2026\/04\/Accesit-Categoria-C-Grazalema-2.jpg 400w\" sizes=\"(max-width: 1024px) 100vw, (max-width: 640px) 100vw, 400px\" \/><\/span><\/div><\/div><\/div><div class=\"fusion-layout-column fusion_builder_column_inner fusion-builder-nested-column-16 fusion_builder_column_inner_1_3 1_3 fusion-flex-column\" style=\"--awb-bg-size:cover;--awb-width-large:33.333333333333%;--awb-margin-top-large:0px;--awb-spacing-right-large:5.76%;--awb-margin-bottom-large:0px;--awb-spacing-left-large:5.76%;--awb-width-medium:100%;--awb-order-medium:0;--awb-spacing-right-medium:1.92%;--awb-spacing-left-medium:1.92%;--awb-width-small:100%;--awb-order-small:0;--awb-spacing-right-small:1.92%;--awb-spacing-left-small:1.92%;\"><div class=\"fusion-column-wrapper fusion-column-has-shadow fusion-flex-justify-content-flex-start fusion-content-layout-column\"><div class=\"fusion-image-element \" style=\"--awb-caption-title-size:var(--h2_typography-font-size);--awb-caption-title-transform:var(--h2_typography-text-transform);--awb-caption-title-line-height:var(--h2_typography-line-height);--awb-caption-title-letter-spacing:var(--h2_typography-letter-spacing);\"><span class=\" fusion-imageframe imageframe-none imageframe-24 hover-type-none\"><img decoding=\"async\" width=\"400\" height=\"300\" title=\"Accesit-Categoria-C-Grazalema-3\" src=\"https:\/\/www.juntadeandalucia.es\/institutodeestadisticaycartografia\/educaieca-contenidos\/wp-content\/uploads\/2026\/04\/Accesit-Categoria-C-Grazalema-3.jpg\" alt class=\"img-responsive wp-image-6367\" srcset=\"https:\/\/www.juntadeandalucia.es\/institutodeestadisticaycartografia\/educaieca-contenidos\/wp-content\/uploads\/2026\/04\/Accesit-Categoria-C-Grazalema-3-200x150.jpg 200w, https:\/\/www.juntadeandalucia.es\/institutodeestadisticaycartografia\/educaieca-contenidos\/wp-content\/uploads\/2026\/04\/Accesit-Categoria-C-Grazalema-3.jpg 400w\" sizes=\"(max-width: 1024px) 100vw, (max-width: 640px) 100vw, 400px\" \/><\/span><\/div><\/div><\/div><div class=\"fusion-layout-column fusion_builder_column_inner fusion-builder-nested-column-17 fusion_builder_column_inner_1_3 1_3 fusion-flex-column\" style=\"--awb-bg-size:cover;--awb-width-large:33.333333333333%;--awb-margin-top-large:0px;--awb-spacing-right-large:5.76%;--awb-margin-bottom-large:0px;--awb-spacing-left-large:5.76%;--awb-width-medium:100%;--awb-order-medium:0;--awb-spacing-right-medium:1.92%;--awb-spacing-left-medium:1.92%;--awb-width-small:100%;--awb-order-small:0;--awb-spacing-right-small:1.92%;--awb-spacing-left-small:1.92%;\"><div class=\"fusion-column-wrapper fusion-column-has-shadow fusion-flex-justify-content-flex-start fusion-content-layout-column\"><div class=\"fusion-image-element \" style=\"--awb-caption-title-size:var(--h2_typography-font-size);--awb-caption-title-transform:var(--h2_typography-text-transform);--awb-caption-title-line-height:var(--h2_typography-line-height);--awb-caption-title-letter-spacing:var(--h2_typography-letter-spacing);\"><span class=\" fusion-imageframe imageframe-none imageframe-25 hover-type-none\"><img decoding=\"async\" width=\"400\" height=\"300\" alt=\"Acc\u00e9sit: \u00abGrazalema en acci\u00f3n\u00bb, obra colectiva realizada por alumnado de 3.\u00ba curso de Educaci\u00f3n Secundaria Obligatoria del Instituto de Ense\u00f1anza Secundaria \u00abSanto Domingo\u00bb de El Puerto de Santa Mar\u00eda (C\u00e1diz)\" title=\"Accesit-Categoria-C-Grazalema-4\" src=\"https:\/\/www.juntadeandalucia.es\/institutodeestadisticaycartografia\/educaieca-contenidos\/wp-content\/uploads\/2026\/04\/Accesit-Categoria-C-Grazalema-4.jpg\" class=\"img-responsive wp-image-6368\" srcset=\"https:\/\/www.juntadeandalucia.es\/institutodeestadisticaycartografia\/educaieca-contenidos\/wp-content\/uploads\/2026\/04\/Accesit-Categoria-C-Grazalema-4-200x150.jpg 200w, https:\/\/www.juntadeandalucia.es\/institutodeestadisticaycartografia\/educaieca-contenidos\/wp-content\/uploads\/2026\/04\/Accesit-Categoria-C-Grazalema-4.jpg 400w\" sizes=\"(max-width: 1024px) 100vw, (max-width: 640px) 100vw, 400px\" \/><\/span><\/div><\/div><\/div><\/div><\/div><\/div><div class=\"fusion-layout-column fusion_builder_column fusion-builder-column-16 fusion_builder_column_1_1 1_1 fusion-flex-column\" style=\"--awb-bg-size:cover;--awb-width-large:100%;--awb-margin-top-large:0px;--awb-spacing-right-large:1.92%;--awb-margin-bottom-large:0px;--awb-spacing-left-large:1.92%;--awb-width-medium:100%;--awb-order-medium:0;--awb-spacing-right-medium:1.92%;--awb-spacing-left-medium:1.92%;--awb-width-small:100%;--awb-order-small:0;--awb-spacing-right-small:1.92%;--awb-spacing-left-small:1.92%;\"><div class=\"fusion-column-wrapper fusion-column-has-shadow fusion-flex-justify-content-flex-start fusion-content-layout-column\"><div class=\"fusion-separator fusion-full-width-sep\" style=\"align-self: center;margin-left: auto;margin-right: auto;margin-top:40px;width:100%;\"><\/div><div class=\"fusion-text fusion-text-13\"><p><strong>Categor\u00eda D. Educaci\u00f3n Permanente y Especial<\/strong><\/p>\n<\/div><div class=\"fusion-separator fusion-full-width-sep\" style=\"align-self: center;margin-left: auto;margin-right: auto;margin-top:40px;width:100%;\"><\/div><\/div><\/div><div class=\"fusion-layout-column fusion_builder_column fusion-builder-column-17 fusion_builder_column_1_1 1_1 fusion-flex-column\" style=\"--awb-padding-top:30px;--awb-padding-right:30px;--awb-padding-bottom:30px;--awb-padding-left:30px;--awb-overflow:hidden;--awb-bg-color:#ffffff;--awb-bg-size:cover;--awb-box-shadow:0px 10px 21px 0px rgba(0,0,0,0.24);;--awb-border-color:#ffffff;--awb-border-top:4px;--awb-border-right:4px;--awb-border-bottom:4px;--awb-border-left:4px;--awb-border-style:solid;--awb-border-radius:8px 8px 8px 8px;--awb-width-large:100%;--awb-margin-top-large:0px;--awb-spacing-right-large:1.92%;--awb-margin-bottom-large:0px;--awb-spacing-left-large:1.92%;--awb-width-medium:100%;--awb-order-medium:0;--awb-spacing-right-medium:1.92%;--awb-spacing-left-medium:1.92%;--awb-width-small:100%;--awb-order-small:0;--awb-spacing-right-small:1.92%;--awb-spacing-left-small:1.92%;\"><div class=\"fusion-column-wrapper fusion-column-has-shadow fusion-flex-justify-content-flex-start fusion-content-layout-column\"><div class=\"fusion-text fusion-text-14\"><p><strong>Premio: \u00abMujeres rurales: pasado, presente y futuro de la Alpujarra granadina\u00bb, obra colectiva de alumnado de la Secci\u00f3n de Educaci\u00f3n Permanente Maestro Luis Ortega Manrique de Ug\u00edjar (Granada)<\/strong><\/p>\n<\/div><div class=\"fusion-image-element \" style=\"--awb-caption-title-size:var(--h2_typography-font-size);--awb-caption-title-transform:var(--h2_typography-text-transform);--awb-caption-title-line-height:var(--h2_typography-line-height);--awb-caption-title-letter-spacing:var(--h2_typography-letter-spacing);\"><span class=\" fusion-imageframe imageframe-none imageframe-26 hover-type-none\"><img decoding=\"async\" width=\"800\" height=\"600\" alt=\"Premio: Mujeres rurales: pasado, presente y futuro de la Alpujarra granadina, obra colectiva de alumnado de la Secci\u00f3n de Educaci\u00f3n Permanente Maestro Luis Ortega Manrique de Ug\u00edjar (Granada)\" title=\"Premio-Categoria-D-Mujeres-rurales-1\" src=\"https:\/\/www.juntadeandalucia.es\/institutodeestadisticaycartografia\/educaieca-contenidos\/wp-content\/uploads\/2026\/04\/Premio-Categoria-D-Mujeres-rurales-1.jpg\" class=\"img-responsive wp-image-6370\" srcset=\"https:\/\/www.juntadeandalucia.es\/institutodeestadisticaycartografia\/educaieca-contenidos\/wp-content\/uploads\/2026\/04\/Premio-Categoria-D-Mujeres-rurales-1-200x150.jpg 200w, https:\/\/www.juntadeandalucia.es\/institutodeestadisticaycartografia\/educaieca-contenidos\/wp-content\/uploads\/2026\/04\/Premio-Categoria-D-Mujeres-rurales-1-400x300.jpg 400w, https:\/\/www.juntadeandalucia.es\/institutodeestadisticaycartografia\/educaieca-contenidos\/wp-content\/uploads\/2026\/04\/Premio-Categoria-D-Mujeres-rurales-1-600x450.jpg 600w, https:\/\/www.juntadeandalucia.es\/institutodeestadisticaycartografia\/educaieca-contenidos\/wp-content\/uploads\/2026\/04\/Premio-Categoria-D-Mujeres-rurales-1.jpg 800w\" sizes=\"(max-width: 1024px) 100vw, (max-width: 640px) 100vw, 800px\" \/><\/span><\/div><div class=\"fusion-separator fusion-full-width-sep\" style=\"align-self: center;margin-left: auto;margin-right: auto;margin-top:40px;width:100%;\"><\/div><div class=\"fusion-builder-row fusion-builder-row-inner fusion-row fusion-flex-align-items-flex-start\" style=\"width:104% !important;max-width:104% !important;margin-left: calc(-4% \/ 2 );margin-right: calc(-4% \/ 2 );\"><div class=\"fusion-layout-column fusion_builder_column_inner fusion-builder-nested-column-18 fusion_builder_column_inner_1_3 1_3 fusion-flex-column\" style=\"--awb-bg-size:cover;--awb-width-large:33.333333333333%;--awb-margin-top-large:0px;--awb-spacing-right-large:5.76%;--awb-margin-bottom-large:0px;--awb-spacing-left-large:5.76%;--awb-width-medium:100%;--awb-order-medium:0;--awb-spacing-right-medium:1.92%;--awb-spacing-left-medium:1.92%;--awb-width-small:100%;--awb-order-small:0;--awb-spacing-right-small:1.92%;--awb-spacing-left-small:1.92%;\"><div class=\"fusion-column-wrapper fusion-column-has-shadow fusion-flex-justify-content-flex-start fusion-content-layout-column\"><div class=\"fusion-image-element \" style=\"--awb-caption-title-size:var(--h2_typography-font-size);--awb-caption-title-transform:var(--h2_typography-text-transform);--awb-caption-title-line-height:var(--h2_typography-line-height);--awb-caption-title-letter-spacing:var(--h2_typography-letter-spacing);\"><span class=\" fusion-imageframe imageframe-none imageframe-27 hover-type-none\"><img decoding=\"async\" width=\"400\" height=\"300\" title=\"Premio-Categoria-D-Mujeres-rurales-2\" src=\"https:\/\/www.juntadeandalucia.es\/institutodeestadisticaycartografia\/educaieca-contenidos\/wp-content\/uploads\/2026\/04\/Premio-Categoria-D-Mujeres-rurales-2.jpg\" alt class=\"img-responsive wp-image-6371\" srcset=\"https:\/\/www.juntadeandalucia.es\/institutodeestadisticaycartografia\/educaieca-contenidos\/wp-content\/uploads\/2026\/04\/Premio-Categoria-D-Mujeres-rurales-2-200x150.jpg 200w, https:\/\/www.juntadeandalucia.es\/institutodeestadisticaycartografia\/educaieca-contenidos\/wp-content\/uploads\/2026\/04\/Premio-Categoria-D-Mujeres-rurales-2.jpg 400w\" sizes=\"(max-width: 1024px) 100vw, (max-width: 640px) 100vw, 400px\" \/><\/span><\/div><\/div><\/div><div class=\"fusion-layout-column fusion_builder_column_inner fusion-builder-nested-column-19 fusion_builder_column_inner_1_3 1_3 fusion-flex-column\" style=\"--awb-bg-size:cover;--awb-width-large:33.333333333333%;--awb-margin-top-large:0px;--awb-spacing-right-large:5.76%;--awb-margin-bottom-large:0px;--awb-spacing-left-large:5.76%;--awb-width-medium:100%;--awb-order-medium:0;--awb-spacing-right-medium:1.92%;--awb-spacing-left-medium:1.92%;--awb-width-small:100%;--awb-order-small:0;--awb-spacing-right-small:1.92%;--awb-spacing-left-small:1.92%;\"><div class=\"fusion-column-wrapper fusion-column-has-shadow fusion-flex-justify-content-flex-start fusion-content-layout-column\"><div class=\"fusion-image-element \" style=\"--awb-caption-title-size:var(--h2_typography-font-size);--awb-caption-title-transform:var(--h2_typography-text-transform);--awb-caption-title-line-height:var(--h2_typography-line-height);--awb-caption-title-letter-spacing:var(--h2_typography-letter-spacing);\"><span class=\" fusion-imageframe imageframe-none imageframe-28 hover-type-none\"><img decoding=\"async\" width=\"400\" height=\"300\" title=\"Premio-Categoria-D-Mujeres-rurales-3\" src=\"https:\/\/www.juntadeandalucia.es\/institutodeestadisticaycartografia\/educaieca-contenidos\/wp-content\/uploads\/2026\/04\/Premio-Categoria-D-Mujeres-rurales-3.jpg\" alt class=\"img-responsive wp-image-6372\" srcset=\"https:\/\/www.juntadeandalucia.es\/institutodeestadisticaycartografia\/educaieca-contenidos\/wp-content\/uploads\/2026\/04\/Premio-Categoria-D-Mujeres-rurales-3-200x150.jpg 200w, https:\/\/www.juntadeandalucia.es\/institutodeestadisticaycartografia\/educaieca-contenidos\/wp-content\/uploads\/2026\/04\/Premio-Categoria-D-Mujeres-rurales-3.jpg 400w\" sizes=\"(max-width: 1024px) 100vw, (max-width: 640px) 100vw, 400px\" \/><\/span><\/div><\/div><\/div><div class=\"fusion-layout-column fusion_builder_column_inner fusion-builder-nested-column-20 fusion_builder_column_inner_1_3 1_3 fusion-flex-column\" style=\"--awb-bg-size:cover;--awb-width-large:33.333333333333%;--awb-margin-top-large:0px;--awb-spacing-right-large:5.76%;--awb-margin-bottom-large:0px;--awb-spacing-left-large:5.76%;--awb-width-medium:100%;--awb-order-medium:0;--awb-spacing-right-medium:1.92%;--awb-spacing-left-medium:1.92%;--awb-width-small:100%;--awb-order-small:0;--awb-spacing-right-small:1.92%;--awb-spacing-left-small:1.92%;\"><div class=\"fusion-column-wrapper fusion-column-has-shadow fusion-flex-justify-content-flex-start fusion-content-layout-column\"><div class=\"fusion-image-element \" style=\"--awb-caption-title-size:var(--h2_typography-font-size);--awb-caption-title-transform:var(--h2_typography-text-transform);--awb-caption-title-line-height:var(--h2_typography-line-height);--awb-caption-title-letter-spacing:var(--h2_typography-letter-spacing);\"><span class=\" fusion-imageframe imageframe-none imageframe-29 hover-type-none\"><img decoding=\"async\" width=\"400\" height=\"300\" title=\"Premio-Categoria-D-Mujeres-rurales-4\" src=\"https:\/\/www.juntadeandalucia.es\/institutodeestadisticaycartografia\/educaieca-contenidos\/wp-content\/uploads\/2026\/04\/Premio-Categoria-D-Mujeres-rurales-4.jpg\" alt class=\"img-responsive wp-image-6373\" srcset=\"https:\/\/www.juntadeandalucia.es\/institutodeestadisticaycartografia\/educaieca-contenidos\/wp-content\/uploads\/2026\/04\/Premio-Categoria-D-Mujeres-rurales-4-200x150.jpg 200w, https:\/\/www.juntadeandalucia.es\/institutodeestadisticaycartografia\/educaieca-contenidos\/wp-content\/uploads\/2026\/04\/Premio-Categoria-D-Mujeres-rurales-4.jpg 400w\" sizes=\"(max-width: 1024px) 100vw, (max-width: 640px) 100vw, 400px\" \/><\/span><\/div><\/div><\/div><\/div><\/div><\/div><div class=\"fusion-layout-column fusion_builder_column fusion-builder-column-18 fusion_builder_column_1_1 1_1 fusion-flex-column\" style=\"--awb-bg-size:cover;--awb-width-large:100%;--awb-margin-top-large:0px;--awb-spacing-right-large:1.92%;--awb-margin-bottom-large:0px;--awb-spacing-left-large:1.92%;--awb-width-medium:100%;--awb-order-medium:0;--awb-spacing-right-medium:1.92%;--awb-spacing-left-medium:1.92%;--awb-width-small:100%;--awb-order-small:0;--awb-spacing-right-small:1.92%;--awb-spacing-left-small:1.92%;\"><div class=\"fusion-column-wrapper fusion-column-has-shadow fusion-flex-justify-content-flex-start fusion-content-layout-column\"><div class=\"fusion-separator fusion-full-width-sep\" style=\"align-self: center;margin-left: auto;margin-right: auto;margin-top:40px;width:100%;\"><\/div><\/div><\/div><div class=\"fusion-layout-column fusion_builder_column fusion-builder-column-19 fusion_builder_column_1_1 1_1 fusion-flex-column\" style=\"--awb-padding-top:30px;--awb-padding-right:30px;--awb-padding-bottom:30px;--awb-padding-left:30px;--awb-overflow:hidden;--awb-bg-color:#ffffff;--awb-bg-size:cover;--awb-box-shadow:0px 10px 21px 0px rgba(0,0,0,0.24);;--awb-border-color:#ffffff;--awb-border-top:4px;--awb-border-right:4px;--awb-border-bottom:4px;--awb-border-left:4px;--awb-border-style:solid;--awb-border-radius:8px 8px 8px 8px;--awb-width-large:100%;--awb-margin-top-large:0px;--awb-spacing-right-large:1.92%;--awb-margin-bottom-large:0px;--awb-spacing-left-large:1.92%;--awb-width-medium:100%;--awb-order-medium:0;--awb-spacing-right-medium:1.92%;--awb-spacing-left-medium:1.92%;--awb-width-small:100%;--awb-order-small:0;--awb-spacing-right-small:1.92%;--awb-spacing-left-small:1.92%;\"><div class=\"fusion-column-wrapper fusion-column-has-shadow fusion-flex-justify-content-flex-start fusion-content-layout-column\"><div class=\"fusion-text fusion-text-15\"><p><strong>Acc\u00e9sit: \u00abViajamos por Andaluc\u00eda\u00bb, obra colectiva realizada por alumnado de Formaci\u00f3n B\u00e1sica Obligatoria del Instituto de Ense\u00f1anza Secundaria, Santa Mar\u00eda del \u00c1guila de El Ejido (Almer\u00eda)<\/strong><\/p>\n<\/div><div class=\"fusion-image-element \" style=\"--awb-caption-title-size:var(--h2_typography-font-size);--awb-caption-title-transform:var(--h2_typography-text-transform);--awb-caption-title-line-height:var(--h2_typography-line-height);--awb-caption-title-letter-spacing:var(--h2_typography-letter-spacing);\"><span class=\" fusion-imageframe imageframe-none imageframe-30 hover-type-none\"><img decoding=\"async\" width=\"800\" height=\"600\" title=\"Accesit-Categoria-D-Viajamos-1\" src=\"https:\/\/www.juntadeandalucia.es\/institutodeestadisticaycartografia\/educaieca-contenidos\/wp-content\/uploads\/2026\/04\/Accesit-Categoria-D-Viajamos-1.jpg\" alt class=\"img-responsive wp-image-6374\" srcset=\"https:\/\/www.juntadeandalucia.es\/institutodeestadisticaycartografia\/educaieca-contenidos\/wp-content\/uploads\/2026\/04\/Accesit-Categoria-D-Viajamos-1-200x150.jpg 200w, https:\/\/www.juntadeandalucia.es\/institutodeestadisticaycartografia\/educaieca-contenidos\/wp-content\/uploads\/2026\/04\/Accesit-Categoria-D-Viajamos-1-400x300.jpg 400w, https:\/\/www.juntadeandalucia.es\/institutodeestadisticaycartografia\/educaieca-contenidos\/wp-content\/uploads\/2026\/04\/Accesit-Categoria-D-Viajamos-1-600x450.jpg 600w, https:\/\/www.juntadeandalucia.es\/institutodeestadisticaycartografia\/educaieca-contenidos\/wp-content\/uploads\/2026\/04\/Accesit-Categoria-D-Viajamos-1.jpg 800w\" sizes=\"(max-width: 1024px) 100vw, (max-width: 640px) 100vw, 800px\" \/><\/span><\/div><div class=\"fusion-separator fusion-full-width-sep\" style=\"align-self: center;margin-left: auto;margin-right: auto;margin-top:40px;width:100%;\"><\/div><div class=\"fusion-builder-row fusion-builder-row-inner fusion-row fusion-flex-align-items-flex-start\" style=\"width:104% !important;max-width:104% !important;margin-left: calc(-4% \/ 2 );margin-right: calc(-4% \/ 2 );\"><div class=\"fusion-layout-column fusion_builder_column_inner fusion-builder-nested-column-21 fusion_builder_column_inner_1_3 1_3 fusion-flex-column\" style=\"--awb-bg-size:cover;--awb-width-large:33.333333333333%;--awb-margin-top-large:0px;--awb-spacing-right-large:5.76%;--awb-margin-bottom-large:0px;--awb-spacing-left-large:5.76%;--awb-width-medium:100%;--awb-order-medium:0;--awb-spacing-right-medium:1.92%;--awb-spacing-left-medium:1.92%;--awb-width-small:100%;--awb-order-small:0;--awb-spacing-right-small:1.92%;--awb-spacing-left-small:1.92%;\"><div class=\"fusion-column-wrapper fusion-column-has-shadow fusion-flex-justify-content-flex-start fusion-content-layout-column\"><div class=\"fusion-image-element \" style=\"--awb-caption-title-size:var(--h2_typography-font-size);--awb-caption-title-transform:var(--h2_typography-text-transform);--awb-caption-title-line-height:var(--h2_typography-line-height);--awb-caption-title-letter-spacing:var(--h2_typography-letter-spacing);\"><span class=\" fusion-imageframe imageframe-none imageframe-31 hover-type-none\"><img decoding=\"async\" width=\"400\" height=\"300\" alt=\"Acc\u00e9sit: \u00abViajamos por Andaluc\u00eda\u00bb, obra colectiva realizada por alumnado de Formaci\u00f3n B\u00e1sica Obligatoria del Instituto de Ense\u00f1anza Secundaria, \u00abSanta Mar\u00eda del \u00c1guila de El Ejido (Almer\u00eda)\" title=\"Accesit-Categoria-D-Viajamos-2\" src=\"https:\/\/www.juntadeandalucia.es\/institutodeestadisticaycartografia\/educaieca-contenidos\/wp-content\/uploads\/2026\/04\/Accesit-Categoria-D-Viajamos-2.jpg\" class=\"img-responsive wp-image-6375\" srcset=\"https:\/\/www.juntadeandalucia.es\/institutodeestadisticaycartografia\/educaieca-contenidos\/wp-content\/uploads\/2026\/04\/Accesit-Categoria-D-Viajamos-2-200x150.jpg 200w, https:\/\/www.juntadeandalucia.es\/institutodeestadisticaycartografia\/educaieca-contenidos\/wp-content\/uploads\/2026\/04\/Accesit-Categoria-D-Viajamos-2.jpg 400w\" sizes=\"(max-width: 1024px) 100vw, (max-width: 640px) 100vw, 400px\" \/><\/span><\/div><\/div><\/div><div class=\"fusion-layout-column fusion_builder_column_inner fusion-builder-nested-column-22 fusion_builder_column_inner_1_3 1_3 fusion-flex-column\" style=\"--awb-bg-size:cover;--awb-width-large:33.333333333333%;--awb-margin-top-large:0px;--awb-spacing-right-large:5.76%;--awb-margin-bottom-large:0px;--awb-spacing-left-large:5.76%;--awb-width-medium:100%;--awb-order-medium:0;--awb-spacing-right-medium:1.92%;--awb-spacing-left-medium:1.92%;--awb-width-small:100%;--awb-order-small:0;--awb-spacing-right-small:1.92%;--awb-spacing-left-small:1.92%;\"><div class=\"fusion-column-wrapper fusion-column-has-shadow fusion-flex-justify-content-flex-start fusion-content-layout-column\"><div class=\"fusion-image-element \" style=\"--awb-caption-title-size:var(--h2_typography-font-size);--awb-caption-title-transform:var(--h2_typography-text-transform);--awb-caption-title-line-height:var(--h2_typography-line-height);--awb-caption-title-letter-spacing:var(--h2_typography-letter-spacing);\"><span class=\" fusion-imageframe imageframe-none imageframe-32 hover-type-none\"><img decoding=\"async\" width=\"400\" height=\"300\" alt=\"Acc\u00e9sit: \u00abViajamos por Andaluc\u00eda\u00bb, obra colectiva realizada por alumnado de Formaci\u00f3n B\u00e1sica Obligatoria del Instituto de Ense\u00f1anza Secundaria, \u00abSanta Mar\u00eda del \u00c1guila de El Ejido (Almer\u00eda)\" title=\"Accesit-Categoria-D-Viajamos-3\" src=\"https:\/\/www.juntadeandalucia.es\/institutodeestadisticaycartografia\/educaieca-contenidos\/wp-content\/uploads\/2026\/04\/Accesit-Categoria-D-Viajamos-3.jpg\" class=\"img-responsive wp-image-6376\" srcset=\"https:\/\/www.juntadeandalucia.es\/institutodeestadisticaycartografia\/educaieca-contenidos\/wp-content\/uploads\/2026\/04\/Accesit-Categoria-D-Viajamos-3-200x150.jpg 200w, https:\/\/www.juntadeandalucia.es\/institutodeestadisticaycartografia\/educaieca-contenidos\/wp-content\/uploads\/2026\/04\/Accesit-Categoria-D-Viajamos-3.jpg 400w\" sizes=\"(max-width: 1024px) 100vw, (max-width: 640px) 100vw, 400px\" \/><\/span><\/div><\/div><\/div><div class=\"fusion-layout-column fusion_builder_column_inner fusion-builder-nested-column-23 fusion_builder_column_inner_1_3 1_3 fusion-flex-column\" style=\"--awb-bg-size:cover;--awb-width-large:33.333333333333%;--awb-margin-top-large:0px;--awb-spacing-right-large:5.76%;--awb-margin-bottom-large:0px;--awb-spacing-left-large:5.76%;--awb-width-medium:100%;--awb-order-medium:0;--awb-spacing-right-medium:1.92%;--awb-spacing-left-medium:1.92%;--awb-width-small:100%;--awb-order-small:0;--awb-spacing-right-small:1.92%;--awb-spacing-left-small:1.92%;\"><div class=\"fusion-column-wrapper fusion-column-has-shadow fusion-flex-justify-content-flex-start fusion-content-layout-column\"><div class=\"fusion-image-element \" style=\"--awb-caption-title-size:var(--h2_typography-font-size);--awb-caption-title-transform:var(--h2_typography-text-transform);--awb-caption-title-line-height:var(--h2_typography-line-height);--awb-caption-title-letter-spacing:var(--h2_typography-letter-spacing);\"><span class=\" fusion-imageframe imageframe-none imageframe-33 hover-type-none\"><img decoding=\"async\" width=\"400\" height=\"300\" title=\"Accesit-Categoria-D-Viajamos-4\" src=\"https:\/\/www.juntadeandalucia.es\/institutodeestadisticaycartografia\/educaieca-contenidos\/wp-content\/uploads\/2026\/04\/Accesit-Categoria-D-Viajamos-4.jpg\" alt class=\"img-responsive wp-image-6377\" srcset=\"https:\/\/www.juntadeandalucia.es\/institutodeestadisticaycartografia\/educaieca-contenidos\/wp-content\/uploads\/2026\/04\/Accesit-Categoria-D-Viajamos-4-200x150.jpg 200w, https:\/\/www.juntadeandalucia.es\/institutodeestadisticaycartografia\/educaieca-contenidos\/wp-content\/uploads\/2026\/04\/Accesit-Categoria-D-Viajamos-4.jpg 400w\" sizes=\"(max-width: 1024px) 100vw, (max-width: 640px) 100vw, 400px\" \/><\/span><\/div><\/div><\/div><\/div><\/div><\/div><div class=\"fusion-layout-column fusion_builder_column fusion-builder-column-20 fusion_builder_column_1_1 1_1 fusion-flex-column\" style=\"--awb-bg-size:cover;--awb-width-large:100%;--awb-margin-top-large:0px;--awb-spacing-right-large:1.92%;--awb-margin-bottom-large:0px;--awb-spacing-left-large:1.92%;--awb-width-medium:100%;--awb-order-medium:0;--awb-spacing-right-medium:1.92%;--awb-spacing-left-medium:1.92%;--awb-width-small:100%;--awb-order-small:0;--awb-spacing-right-small:1.92%;--awb-spacing-left-small:1.92%;\"><div class=\"fusion-column-wrapper fusion-column-has-shadow fusion-flex-justify-content-flex-start fusion-content-layout-column\"><div class=\"fusion-separator fusion-full-width-sep\" style=\"align-self: center;margin-left: auto;margin-right: auto;margin-top:40px;width:100%;\"><\/div><\/div><\/div><\/div><\/div><div class=\"fusion-fullwidth fullwidth-box fusion-builder-row-5 fusion-flex-container has-pattern-background has-mask-background nonhundred-percent-fullwidth non-hundred-percent-height-scrolling\" style=\"--awb-border-radius-top-left:0px;--awb-border-radius-top-right:0px;--awb-border-radius-bottom-right:0px;--awb-border-radius-bottom-left:0px;\" ><div class=\"fusion-builder-row fusion-row fusion-flex-align-items-flex-start\" style=\"max-width:1216.8px;margin-left: calc(-4% \/ 2 );margin-right: calc(-4% \/ 2 );\"><div class=\"fusion-layout-column fusion_builder_column fusion-builder-column-21 fusion_builder_column_1_1 1_1 fusion-flex-column\" style=\"--awb-bg-size:cover;--awb-width-large:100%;--awb-margin-top-large:0px;--awb-spacing-right-large:1.92%;--awb-margin-bottom-large:0px;--awb-spacing-left-large:1.92%;--awb-width-medium:100%;--awb-order-medium:0;--awb-spacing-right-medium:1.92%;--awb-spacing-left-medium:1.92%;--awb-width-small:100%;--awb-order-small:0;--awb-spacing-right-small:1.92%;--awb-spacing-left-small:1.92%;\"><div class=\"fusion-column-wrapper fusion-column-has-shadow fusion-flex-justify-content-flex-start fusion-content-layout-column\"><div class=\"fusion-title title fusion-title-4 fusion-sep-none fusion-title-text fusion-title-size-two\"><h2 class=\"title-heading-left\"><strong>Ediciones anteriores<\/strong><\/h2><\/div><div class=\"fusion-text fusion-text-16\"><p><a href=\"https:\/\/www.juntadeandalucia.es\/institutodeestadisticaycartografia\/educaieca-contenidos\/concurso-escolar-andalucia-en-un-mapa-2025\/\" target=\"_blank\" rel=\"noopener\">14\u00ba Concurso escolar \u00abAndaluc\u00eda en un mapa\u00bb 2025<\/a>.<\/p>\n<p><a href=\"https:\/\/www.juntadeandalucia.es\/institutodeestadisticaycartografia\/educaieca-contenidos\/concurso-escolar-andalucia-en-un-mapa-2024\/\" target=\"_blank\" rel=\"noopener\">13\u00ba Concurso escolar \u00abAndaluc\u00eda en un mapa\u00bb 2024<\/a>.<\/p>\n<p><a href=\"https:\/\/www.juntadeandalucia.es\/institutodeestadisticaycartografia\/didactica\/mapa\/edicionesanteriores.htm\" target=\"_blank\" rel=\"noopener\">Accede a las ediciones anteriores<\/a> para consultar los trabajos premiados en otras celebraciones del concurso.<\/p>\n<\/div><\/div><\/div><\/div><\/div><\/p>\n","protected":false},"excerpt":{"rendered":"","protected":false},"author":6,"featured_media":0,"comment_status":"open","ping_status":"open","sticky":false,"template":"","format":"standard","meta":{"footnotes":""},"categories":[1],"tags":[],"class_list":["post-5978","post","type-post","status-publish","format-standard","hentry","category-uncategorized"],"acf":[],"yoast_head":"<!-- This site is optimized with the Yoast SEO plugin v24.9 - https:\/\/yoast.com\/wordpress\/plugins\/seo\/ -->\n<title>15\u00ba Concurso escolar &quot;Andaluc\u00eda en un mapa&quot; - EDUCA IECA<\/title>\n<meta name=\"robots\" content=\"noindex, follow, max-snippet:-1, max-image-preview:large, max-video-preview:-1\" \/>\n<meta property=\"og:locale\" content=\"es_ES\" \/>\n<meta property=\"og:type\" content=\"article\" \/>\n<meta property=\"og:title\" content=\"15\u00ba Concurso escolar &quot;Andaluc\u00eda en un mapa&quot; - EDUCA IECA\" \/>\n<meta property=\"og:url\" content=\"https:\/\/www.juntadeandalucia.es\/institutodeestadisticaycartografia\/educaieca-contenidos\/concurso-escolar-andalucia-en-un-mapa\/\" \/>\n<meta property=\"og:site_name\" content=\"EDUCA IECA\" \/>\n<meta property=\"article:published_time\" content=\"2026-04-17T09:38:39+00:00\" \/>\n<meta property=\"article:modified_time\" content=\"2026-05-25T08:46:38+00:00\" \/>\n<meta name=\"author\" content=\"educaiecawp\" \/>\n<meta name=\"twitter:card\" content=\"summary_large_image\" \/>\n<meta name=\"twitter:label1\" content=\"Escrito por\" \/>\n\t<meta name=\"twitter:data1\" content=\"educaiecawp\" \/>\n\t<meta name=\"twitter:label2\" content=\"Tiempo de lectura\" \/>\n\t<meta name=\"twitter:data2\" content=\"54 minutos\" \/>\n<script type=\"application\/ld+json\" class=\"yoast-schema-graph\">{\"@context\":\"https:\/\/schema.org\",\"@graph\":[{\"@type\":\"WebPage\",\"@id\":\"https:\/\/www.juntadeandalucia.es\/institutodeestadisticaycartografia\/educaieca-contenidos\/concurso-escolar-andalucia-en-un-mapa\/\",\"url\":\"https:\/\/www.juntadeandalucia.es\/institutodeestadisticaycartografia\/educaieca-contenidos\/concurso-escolar-andalucia-en-un-mapa\/\",\"name\":\"15\u00ba Concurso escolar \\\"Andaluc\u00eda en un mapa\\\" - EDUCA IECA\",\"isPartOf\":{\"@id\":\"https:\/\/www.juntadeandalucia.es\/institutodeestadisticaycartografia\/educaieca-contenidos\/#website\"},\"datePublished\":\"2026-04-17T09:38:39+00:00\",\"dateModified\":\"2026-05-25T08:46:38+00:00\",\"author\":{\"@id\":\"https:\/\/www.juntadeandalucia.es\/institutodeestadisticaycartografia\/educaieca-contenidos\/#\/schema\/person\/dc1e37f30249cda66475155beb55f18f\"},\"inLanguage\":\"es\",\"potentialAction\":[{\"@type\":\"ReadAction\",\"target\":[\"https:\/\/www.juntadeandalucia.es\/institutodeestadisticaycartografia\/educaieca-contenidos\/concurso-escolar-andalucia-en-un-mapa\/\"]}]},{\"@type\":\"WebSite\",\"@id\":\"https:\/\/www.juntadeandalucia.es\/institutodeestadisticaycartografia\/educaieca-contenidos\/#website\",\"url\":\"https:\/\/www.juntadeandalucia.es\/institutodeestadisticaycartografia\/educaieca-contenidos\/\",\"name\":\"EDUCA IECA\",\"description\":\"Portal educativo del Instituto de Estad\u00edstica y Cartograf\u00eda de Andaluc\u00eda\",\"potentialAction\":[{\"@type\":\"SearchAction\",\"target\":{\"@type\":\"EntryPoint\",\"urlTemplate\":\"https:\/\/www.juntadeandalucia.es\/institutodeestadisticaycartografia\/educaieca-contenidos\/?s={search_term_string}\"},\"query-input\":{\"@type\":\"PropertyValueSpecification\",\"valueRequired\":true,\"valueName\":\"search_term_string\"}}],\"inLanguage\":\"es\"},{\"@type\":\"Person\",\"@id\":\"https:\/\/www.juntadeandalucia.es\/institutodeestadisticaycartografia\/educaieca-contenidos\/#\/schema\/person\/dc1e37f30249cda66475155beb55f18f\",\"name\":\"educaiecawp\",\"image\":{\"@type\":\"ImageObject\",\"inLanguage\":\"es\",\"@id\":\"https:\/\/www.juntadeandalucia.es\/institutodeestadisticaycartografia\/educaieca-contenidos\/#\/schema\/person\/image\/\",\"url\":\"https:\/\/secure.gravatar.com\/avatar\/d631da9ec6322035ad7e8bd2c0ab6c44253b5f4f1a46f7fa0dbdd4535ab05801?s=96&d=mm&r=g\",\"contentUrl\":\"https:\/\/secure.gravatar.com\/avatar\/d631da9ec6322035ad7e8bd2c0ab6c44253b5f4f1a46f7fa0dbdd4535ab05801?s=96&d=mm&r=g\",\"caption\":\"educaiecawp\"},\"sameAs\":[\"http:\/\/ws205.juntadeandalucia.es\/educaiecawp\"],\"url\":\"https:\/\/www.juntadeandalucia.es\/institutodeestadisticaycartografia\/educaieca-contenidos\/author\/educaiecawp\/\"}]}<\/script>\n<!-- \/ Yoast SEO plugin. -->","yoast_head_json":{"title":"15\u00ba Concurso escolar \"Andaluc\u00eda en un mapa\" - EDUCA IECA","robots":{"index":"noindex","follow":"follow","max-snippet":"max-snippet:-1","max-image-preview":"max-image-preview:large","max-video-preview":"max-video-preview:-1"},"og_locale":"es_ES","og_type":"article","og_title":"15\u00ba Concurso escolar \"Andaluc\u00eda en un mapa\" - EDUCA IECA","og_url":"https:\/\/www.juntadeandalucia.es\/institutodeestadisticaycartografia\/educaieca-contenidos\/concurso-escolar-andalucia-en-un-mapa\/","og_site_name":"EDUCA IECA","article_published_time":"2026-04-17T09:38:39+00:00","article_modified_time":"2026-05-25T08:46:38+00:00","author":"educaiecawp","twitter_card":"summary_large_image","twitter_misc":{"Escrito por":"educaiecawp","Tiempo de lectura":"54 minutos"},"schema":{"@context":"https:\/\/schema.org","@graph":[{"@type":"WebPage","@id":"https:\/\/www.juntadeandalucia.es\/institutodeestadisticaycartografia\/educaieca-contenidos\/concurso-escolar-andalucia-en-un-mapa\/","url":"https:\/\/www.juntadeandalucia.es\/institutodeestadisticaycartografia\/educaieca-contenidos\/concurso-escolar-andalucia-en-un-mapa\/","name":"15\u00ba Concurso escolar \"Andaluc\u00eda en un mapa\" - EDUCA IECA","isPartOf":{"@id":"https:\/\/www.juntadeandalucia.es\/institutodeestadisticaycartografia\/educaieca-contenidos\/#website"},"datePublished":"2026-04-17T09:38:39+00:00","dateModified":"2026-05-25T08:46:38+00:00","author":{"@id":"https:\/\/www.juntadeandalucia.es\/institutodeestadisticaycartografia\/educaieca-contenidos\/#\/schema\/person\/dc1e37f30249cda66475155beb55f18f"},"inLanguage":"es","potentialAction":[{"@type":"ReadAction","target":["https:\/\/www.juntadeandalucia.es\/institutodeestadisticaycartografia\/educaieca-contenidos\/concurso-escolar-andalucia-en-un-mapa\/"]}]},{"@type":"WebSite","@id":"https:\/\/www.juntadeandalucia.es\/institutodeestadisticaycartografia\/educaieca-contenidos\/#website","url":"https:\/\/www.juntadeandalucia.es\/institutodeestadisticaycartografia\/educaieca-contenidos\/","name":"EDUCA IECA","description":"Portal educativo del Instituto de Estad\u00edstica y Cartograf\u00eda de Andaluc\u00eda","potentialAction":[{"@type":"SearchAction","target":{"@type":"EntryPoint","urlTemplate":"https:\/\/www.juntadeandalucia.es\/institutodeestadisticaycartografia\/educaieca-contenidos\/?s={search_term_string}"},"query-input":{"@type":"PropertyValueSpecification","valueRequired":true,"valueName":"search_term_string"}}],"inLanguage":"es"},{"@type":"Person","@id":"https:\/\/www.juntadeandalucia.es\/institutodeestadisticaycartografia\/educaieca-contenidos\/#\/schema\/person\/dc1e37f30249cda66475155beb55f18f","name":"educaiecawp","image":{"@type":"ImageObject","inLanguage":"es","@id":"https:\/\/www.juntadeandalucia.es\/institutodeestadisticaycartografia\/educaieca-contenidos\/#\/schema\/person\/image\/","url":"https:\/\/secure.gravatar.com\/avatar\/d631da9ec6322035ad7e8bd2c0ab6c44253b5f4f1a46f7fa0dbdd4535ab05801?s=96&d=mm&r=g","contentUrl":"https:\/\/secure.gravatar.com\/avatar\/d631da9ec6322035ad7e8bd2c0ab6c44253b5f4f1a46f7fa0dbdd4535ab05801?s=96&d=mm&r=g","caption":"educaiecawp"},"sameAs":["http:\/\/ws205.juntadeandalucia.es\/educaiecawp"],"url":"https:\/\/www.juntadeandalucia.es\/institutodeestadisticaycartografia\/educaieca-contenidos\/author\/educaiecawp\/"}]}},"_links":{"self":[{"href":"https:\/\/www.juntadeandalucia.es\/institutodeestadisticaycartografia\/educaieca-contenidos\/wp-json\/wp\/v2\/posts\/5978","targetHints":{"allow":["GET"]}}],"collection":[{"href":"https:\/\/www.juntadeandalucia.es\/institutodeestadisticaycartografia\/educaieca-contenidos\/wp-json\/wp\/v2\/posts"}],"about":[{"href":"https:\/\/www.juntadeandalucia.es\/institutodeestadisticaycartografia\/educaieca-contenidos\/wp-json\/wp\/v2\/types\/post"}],"author":[{"embeddable":true,"href":"https:\/\/www.juntadeandalucia.es\/institutodeestadisticaycartografia\/educaieca-contenidos\/wp-json\/wp\/v2\/users\/6"}],"replies":[{"embeddable":true,"href":"https:\/\/www.juntadeandalucia.es\/institutodeestadisticaycartografia\/educaieca-contenidos\/wp-json\/wp\/v2\/comments?post=5978"}],"version-history":[{"count":18,"href":"https:\/\/www.juntadeandalucia.es\/institutodeestadisticaycartografia\/educaieca-contenidos\/wp-json\/wp\/v2\/posts\/5978\/revisions"}],"predecessor-version":[{"id":6380,"href":"https:\/\/www.juntadeandalucia.es\/institutodeestadisticaycartografia\/educaieca-contenidos\/wp-json\/wp\/v2\/posts\/5978\/revisions\/6380"}],"wp:attachment":[{"href":"https:\/\/www.juntadeandalucia.es\/institutodeestadisticaycartografia\/educaieca-contenidos\/wp-json\/wp\/v2\/media?parent=5978"}],"wp:term":[{"taxonomy":"category","embeddable":true,"href":"https:\/\/www.juntadeandalucia.es\/institutodeestadisticaycartografia\/educaieca-contenidos\/wp-json\/wp\/v2\/categories?post=5978"},{"taxonomy":"post_tag","embeddable":true,"href":"https:\/\/www.juntadeandalucia.es\/institutodeestadisticaycartografia\/educaieca-contenidos\/wp-json\/wp\/v2\/tags?post=5978"}],"curies":[{"name":"wp","href":"https:\/\/api.w.org\/{rel}","templated":true}]}}